{"id":897,"date":"2022-03-31T12:07:17","date_gmt":"2022-03-31T12:07:17","guid":{"rendered":"https:\/\/www.clu3v.cz\/?p=897"},"modified":"2023-08-03T12:02:04","modified_gmt":"2023-08-03T10:02:04","slug":"velikonocni-tvoreni","status":"publish","type":"post","link":"https:\/\/www.clu3v.cz\/index.php\/2022\/03\/31\/velikonocni-tvoreni\/","title":{"rendered":"Velikono\u010dn\u00ed tvo\u0159en\u00ed"},"content":{"rendered":"\n<p>Jaro je v pln\u00e9m proudu a to znamen\u00e1, \u017ee se bl\u00ed\u017e\u00ed Velikonoce. Letos si d\u00e1vaj\u00ed opravdu na\u010das a to znamen\u00e1, \u017ee se na n\u011b m\u016f\u017eeme opravdu pe\u010dliv\u011b p\u0159ipravit. A abychom v\u00e1m s t\u00edm pomohli a p\u0159edali v\u00e1m trochu inspirace, p\u0159ipravili jsme pro v\u00e1s tradi\u010dn\u00ed velikono\u010dn\u00ed tvo\u0159en\u00ed. <\/p>\n\n\n\n<p>Bude se konat v \u00fater\u00fd 12. dubna od 16:30 v na\u0161\u00ed u\u010debn\u011b na SP\u0160 v \u010cesk\u00e9 L\u00edp\u011b. Vstupn\u00e9 je dobrovoln\u00e9 a materi\u00e1lov\u00fd poplatek \u010din\u00ed kr\u00e1sn\u00fdch 150,- K\u010d. A proto, co si vytvo\u0159\u00edte, to si tak\u00e9 odnesete! \ud83d\ude09 Podrobnosti naleznete na let\u00e1\u010dku n\u00ed\u017ee. <\/p>\n\n\n\n<div data-wp-interactive=\"core\/file\" class=\"wp-block-file\"><object data-wp-bind--hidden=\"!state.hasPdfPreview\" hidden class=\"wp-block-file__embed\" data=\"https:\/\/www.clu3v.cz\/wp-content\/uploads\/2022\/03\/Velikonoce-2022.pdf\" type=\"application\/pdf\" style=\"width:100%;height:600px\" aria-label=\"Vlo\u017eit z Vlo\u017eit z Velikonoce-2022..\"><\/object><a id=\"wp-block-file--media-c0bb9314-4c8a-4987-933e-9fe5fb07e4f7\" href=\"https:\/\/www.clu3v.cz\/wp-content\/uploads\/2022\/03\/Velikonoce-2022.pdf\">Velikonoce-2022<\/a><a href=\"https:\/\/www.clu3v.cz\/wp-content\/uploads\/2022\/03\/Velikonoce-2022.pdf\" class=\"wp-block-file__button\" download aria-describedby=\"wp-block-file--media-c0bb9314-4c8a-4987-933e-9fe5fb07e4f7\">St\u00e1hnout<\/a><\/div>\n","protected":false},"excerpt":{"rendered":"<p>Velikono\u010dn\u00ed tvo\u0159en\u00ed 12.4.2022 v u\u010debn\u011b CLU3V.<\/p>\n","protected":false},"author":1,"featured_media":0,"comment_status":"closed","ping_status":"open","sticky":false,"template":"","format":"standard","meta":{"footnotes":""},"categories":[35,33,5,34],"tags":[73,19,18,23,32,55,68,81,80],"class_list":["post-897","post","type-post","status-publish","format-standard","hentry","category-aktual","category-clu3v","category-kurzy","category-past","tag-73","tag-ceska-lipa","tag-cl","tag-clu3v","tag-jaro","tag-kurzy","tag-tvoreni","tag-velikonoce","tag-workshop"],"_links":{"self":[{"href":"https:\/\/www.clu3v.cz\/index.php\/wp-json\/wp\/v2\/posts\/897","targetHints":{"allow":["GET"]}}],"collection":[{"href":"https:\/\/www.clu3v.cz\/index.php\/wp-json\/wp\/v2\/posts"}],"about":[{"href":"https:\/\/www.clu3v.cz\/index.php\/wp-json\/wp\/v2\/types\/post"}],"author":[{"embeddable":true,"href":"https:\/\/www.clu3v.cz\/index.php\/wp-json\/wp\/v2\/users\/1"}],"replies":[{"embeddable":true,"href":"https:\/\/www.clu3v.cz\/index.php\/wp-json\/wp\/v2\/comments?post=897"}],"version-history":[{"count":1,"href":"https:\/\/www.clu3v.cz\/index.php\/wp-json\/wp\/v2\/posts\/897\/revisions"}],"predecessor-version":[{"id":899,"href":"https:\/\/www.clu3v.cz\/index.php\/wp-json\/wp\/v2\/posts\/897\/revisions\/899"}],"wp:attachment":[{"href":"https:\/\/www.clu3v.cz\/index.php\/wp-json\/wp\/v2\/media?parent=897"}],"wp:term":[{"taxonomy":"category","embeddable":true,"href":"https:\/\/www.clu3v.cz\/index.php\/wp-json\/wp\/v2\/categories?post=897"},{"taxonomy":"post_tag","embeddable":true,"href":"https:\/\/www.clu3v.cz\/index.php\/wp-json\/wp\/v2\/tags?post=897"}],"curies":[{"name":"wp","href":"https:\/\/api.w.org\/{rel}","templated":true}]}}