{"id":887,"date":"2022-02-24T09:47:12","date_gmt":"2022-02-24T09:47:12","guid":{"rendered":"https:\/\/www.clu3v.cz\/?p=887"},"modified":"2023-08-03T12:02:04","modified_gmt":"2023-08-03T10:02:04","slug":"clanek-o-clu3v-v-regionalni-mf-dnes","status":"publish","type":"post","link":"https:\/\/www.clu3v.cz\/index.php\/2022\/02\/24\/clanek-o-clu3v-v-regionalni-mf-dnes\/","title":{"rendered":"\u010cl\u00e1nek o CLU3V v region\u00e1ln\u00ed MF DNES"},"content":{"rendered":"\n<p>P\u0159in\u00e1\u0161\u00edme V\u00e1m mo\u017enost p\u0159e\u010d\u00edst si \u010dl\u00e1nek, kter\u00fd o n\u00e1s vy\u0161el v region\u00e1ln\u00ed p\u0159\u00edloze pro Libereck\u00fd kraj v MF DNES ze dne 21. \u00fanora 2022. V \u010dl\u00e1nku najdete informace k aktu\u00e1ln\u00edmu d\u011bn\u00ed v na\u0161em spolku dopln\u011bn\u00e9 o informace p\u0159\u00edmo od na\u0161\u00ed p\u0159edsedkyn\u011b spolku Mileny Nov\u00e1kov\u00e9. <\/p>\n\n\n\n<p>P\u0159ejeme V\u00e1m p\u0159\u00edjemn\u00e9 \u010dten\u00ed a d\u011bkujeme MF DNES za mo\u017enost sd\u00edlen\u00ed \u010dl\u00e1nku.<\/p>\n\n\n\n<div data-wp-interactive=\"core\/file\" class=\"wp-block-file\"><object data-wp-bind--hidden=\"!state.hasPdfPreview\" hidden class=\"wp-block-file__embed\" data=\"https:\/\/www.clu3v.cz\/wp-content\/uploads\/2022\/02\/CLU3V.pdf\" type=\"application\/pdf\" style=\"width:100%;height:600px\" aria-label=\"Vlo\u017eit z Vlo\u017eit z CLU3V..\"><\/object><a id=\"wp-block-file--media-1b8e4a47-934b-4643-9675-550728075b56\" href=\"https:\/\/www.clu3v.cz\/wp-content\/uploads\/2022\/02\/CLU3V.pdf\">CLU3V<\/a><a href=\"https:\/\/www.clu3v.cz\/wp-content\/uploads\/2022\/02\/CLU3V.pdf\" class=\"wp-block-file__button\" download aria-describedby=\"wp-block-file--media-1b8e4a47-934b-4643-9675-550728075b56\">St\u00e1hnout<\/a><\/div>\n\n\n\n<p><\/p>\n","protected":false},"excerpt":{"rendered":"<p>P\u0159in\u00e1\u0161\u00edme V\u00e1m mo\u017enost p\u0159e\u010d\u00edst si \u010dl\u00e1nek, kter\u00fd o n\u00e1s vy\u0161el v region\u00e1ln\u00ed p\u0159\u00edloze pro Libereck\u00fd kraj v MF DNES ze dne 21. \u00fanora 2022. V \u010dl\u00e1nku najdete informace k aktu\u00e1ln\u00edmu d\u011bn\u00ed v na\u0161em spolku dopln\u011bn\u00e9 o informace p\u0159\u00edmo od na\u0161\u00ed p\u0159edsedkyn\u011b spolku Mileny Nov\u00e1kov\u00e9. P\u0159ejeme V\u00e1m p\u0159\u00edjemn\u00e9 \u010dten\u00ed a d\u011bkujeme MF DNES za mo\u017enost sd\u00edlen\u00ed &hellip; <\/p>\n<p class=\"link-more\"><a href=\"https:\/\/www.clu3v.cz\/index.php\/2022\/02\/24\/clanek-o-clu3v-v-regionalni-mf-dnes\/\" class=\"more-link\">Pokra\u010dovat ve \u010dten\u00ed<span class=\"screen-reader-text\"> &#8222;\u010cl\u00e1nek o CLU3V v region\u00e1ln\u00ed MF DNES&#8220;<\/span><\/a><\/p>\n","protected":false},"author":1,"featured_media":0,"comment_status":"closed","ping_status":"open","sticky":false,"template":"","format":"standard","meta":{"footnotes":""},"categories":[14,35,33,6,45,34],"tags":[73,19,18,23,55,79,17,41],"class_list":["post-887","post","type-post","status-publish","format-standard","hentry","category-aktualne","category-aktual","category-clu3v","category-napsali-o-nas","category-o-nas","category-past","tag-73","tag-ceska-lipa","tag-cl","tag-clu3v","tag-kurzy","tag-mfdnes","tag-u3v","tag-vylet"],"_links":{"self":[{"href":"https:\/\/www.clu3v.cz\/index.php\/wp-json\/wp\/v2\/posts\/887","targetHints":{"allow":["GET"]}}],"collection":[{"href":"https:\/\/www.clu3v.cz\/index.php\/wp-json\/wp\/v2\/posts"}],"about":[{"href":"https:\/\/www.clu3v.cz\/index.php\/wp-json\/wp\/v2\/types\/post"}],"author":[{"embeddable":true,"href":"https:\/\/www.clu3v.cz\/index.php\/wp-json\/wp\/v2\/users\/1"}],"replies":[{"embeddable":true,"href":"https:\/\/www.clu3v.cz\/index.php\/wp-json\/wp\/v2\/comments?post=887"}],"version-history":[{"count":1,"href":"https:\/\/www.clu3v.cz\/index.php\/wp-json\/wp\/v2\/posts\/887\/revisions"}],"predecessor-version":[{"id":889,"href":"https:\/\/www.clu3v.cz\/index.php\/wp-json\/wp\/v2\/posts\/887\/revisions\/889"}],"wp:attachment":[{"href":"https:\/\/www.clu3v.cz\/index.php\/wp-json\/wp\/v2\/media?parent=887"}],"wp:term":[{"taxonomy":"category","embeddable":true,"href":"https:\/\/www.clu3v.cz\/index.php\/wp-json\/wp\/v2\/categories?post=887"},{"taxonomy":"post_tag","embeddable":true,"href":"https:\/\/www.clu3v.cz\/index.php\/wp-json\/wp\/v2\/tags?post=887"}],"curies":[{"name":"wp","href":"https:\/\/api.w.org\/{rel}","templated":true}]}}