{"id":883,"date":"2022-02-24T09:36:28","date_gmt":"2022-02-24T09:36:28","guid":{"rendered":"https:\/\/www.clu3v.cz\/?p=883"},"modified":"2023-08-03T12:02:04","modified_gmt":"2023-08-03T10:02:04","slug":"prelozeni-kurzu-pedig-a-keramika-na-brezen","status":"publish","type":"post","link":"https:\/\/www.clu3v.cz\/index.php\/2022\/02\/24\/prelozeni-kurzu-pedig-a-keramika-na-brezen\/","title":{"rendered":"P\u0159elo\u017een\u00ed kurz\u016f Pedig a Keramika na b\u0159ezen"},"content":{"rendered":"\n<p>Vzhledem ke st\u00e1le pom\u011brn\u011b vysok\u00e9 mo\u017enosti n\u00e1kazy COVID-19 a soub\u011bhem s jarn\u00edmi pr\u00e1zdninami jsme se rozhodlo odlo\u017eit za\u010d\u00e1tky kurz\u016f tvo\u0159en\u00ed z pedigu a keramiky na b\u0159ezen. Zah\u00e1jen\u00ed kurz\u016f je v t\u011bchto dnech:<\/p>\n\n\n\n<ul class=\"wp-block-list\"><li>Tvo\u0159en\u00ed z pedigu &#8211; \u00fater\u00fd 8. b\u0159ezna 2022 v 16:30 na u\u010debn\u011b CLU3V<\/li><li>Keramika &#8211; st\u0159eda 9. b\u0159rezna 2022 na Z\u0160 \u0160pi\u010d\u00e1k<\/li><\/ul>\n\n\n\n<p>S t\u00edm je z\u00e1rove\u0148 prodlou\u017een\u00e1 doba k pod\u00e1v\u00e1n\u00ed p\u0159ihl\u00e1\u0161ek do obou kurz\u016f. D\u011bkujeme za pochopen\u00ed a budeme se na V\u00e1s t\u011b\u0161it s kurzy keramiky a pedigu v b\u0159eznu \ud83d\ude42<\/p>\n\n\n\n<figure class=\"wp-block-image\"><img decoding=\"async\" src=\"https:\/\/attachment.outlook.live.net\/owa\/MSA%3Avit.novak%40outlook.cz\/service.svc\/s\/GetAttachmentThumbnail?id=AQMkADAwATNiZmYAZC1iZGEwLTA4NWQtMDACLTAwCgBGAAADjGnDolLsWkuSmNl2vZK1RQcAypYyb%2BOjaUeaLnD3ZkQQWgAAAgEMAAAAypYyb%2BOjaUeaLnD3ZkQQWgAFGvsV5AAAAAESABAAfDPdQi%2FmJECNoTV38%2BxFXg%3D%3D&amp;thumbnailType=2&amp;isc=1&amp;token=eyJhbGciOiJSUzI1NiIsImtpZCI6IkZBRDY1NDI2MkM2QUYyOTYxQUExRThDQUI3OEZGMUIyNzBFNzA3RTkiLCJ0eXAiOiJKV1QiLCJ4NXQiOiItdFpVSml4cThwWWFvZWpLdDRfeHNuRG5CLWsifQ.eyJvcmlnaW4iOiJodHRwczovL291dGxvb2subGl2ZS5jb20iLCJ1YyI6ImQyNmRhNDNiOWJjZDQ2YjFhOWJmYzYyN2I3YmY5NTk5IiwidmVyIjoiRXhjaGFuZ2UuQ2FsbGJhY2suVjEiLCJhcHBjdHhzZW5kZXIiOiJPd2FEb3dubG9hZEA4NGRmOWU3Zi1lOWY2LTQwYWYtYjQzNS1hYWFhYWFhYWFhYWEiLCJpc3NyaW5nIjoiV1ciLCJhcHBjdHgiOiJ7XCJtc2V4Y2hwcm90XCI6XCJvd2FcIixcInB1aWRcIjpcIjEwNTU1MjE0NTkxNDQ3OTdcIixcInNjb3BlXCI6XCJPd2FEb3dubG9hZFwiLFwib2lkXCI6XCIwMDAzYmZmZC1iZGEwLTA4NWQtMDAwMC0wMDAwMDAwMDAwMDBcIixcInByaW1hcnlzaWRcIjpcIlMtMS0yODI3LTI0NTc1Ny0zMTgxMzgxNzI1XCJ9IiwibmJmIjoxNjQ1Njk0OTAzLCJleHAiOjE2NDU2OTU1MDMsImlzcyI6IjAwMDAwMDAyLTAwMDAtMGZmMS1jZTAwLTAwMDAwMDAwMDAwMEA4NGRmOWU3Zi1lOWY2LTQwYWYtYjQzNS1hYWFhYWFhYWFhYWEiLCJhdWQiOiIwMDAwMDAwMi0wMDAwLTBmZjEtY2UwMC0wMDAwMDAwMDAwMDAvYXR0YWNobWVudC5vdXRsb29rLmxpdmUubmV0QDg0ZGY5ZTdmLWU5ZjYtNDBhZi1iNDM1LWFhYWFhYWFhYWFhYSIsImhhcHAiOiJvd2EifQ.CkmBFmF-UN3sQJ_V7cRM75fR8fyoKLemL3w2h5cYQX-Rx8xcNVm2Jvy81NIJ4uFNG1CDazaknpFRv97twC4c8YUALTEsS4098Momm0pEp1n4YOTXGe_CiusAfAAUfzjhmHkzMdu_ynUKiut-hlP-jfuPzkyaIBH_-MEXbrHCm31pp0mAB5v0gxHBILpMHXTOGqCB5RG4sixYAoYxoJeb2M0cMif-KpnnFR2b9Qh1IgUkdKAGTxZ50i0vNN8OrYh9ogPQEt6I4KHvQwUJ1qfiNjGL4vOULO2_sEcFcEr_tJM14qS45Pt1rYARf7IT6I5nO64G8M_SiNKvUYAIZVZDSg&amp;X-OWA-CANARY=JkMz-O20cUqIjbwnhrnD9jAd0aF499kYHxjy6z1usuyQ-o40hAwg6KqY4cOwephO5aXEBliF4j8.&amp;owa=outlook.live.com&amp;scriptVer=20220211003.12&amp;animation=true\" alt=\"N\u00e1hled obr\u00e1zku\"\/><\/figure>\n\n\n\n<figure class=\"wp-block-image is-resized\"><img loading=\"lazy\" decoding=\"async\" src=\"https:\/\/attachment.outlook.live.net\/owa\/MSA%3Avit.novak%40outlook.cz\/service.svc\/s\/GetAttachmentThumbnail?id=AQMkADAwATNiZmYAZC1iZGEwLTA4NWQtMDACLTAwCgBGAAADjGnDolLsWkuSmNl2vZK1RQcAypYyb%2BOjaUeaLnD3ZkQQWgAAAgEMAAAAypYyb%2BOjaUeaLnD3ZkQQWgAFGvsV5AAAAAESABAAoveYma6SxECAwCcN%2BdYUYw%3D%3D&amp;thumbnailType=2&amp;isc=1&amp;token=eyJhbGciOiJSUzI1NiIsImtpZCI6IkZBRDY1NDI2MkM2QUYyOTYxQUExRThDQUI3OEZGMUIyNzBFNzA3RTkiLCJ0eXAiOiJKV1QiLCJ4NXQiOiItdFpVSml4cThwWWFvZWpLdDRfeHNuRG5CLWsifQ.eyJvcmlnaW4iOiJodHRwczovL291dGxvb2subGl2ZS5jb20iLCJ1YyI6ImQyNmRhNDNiOWJjZDQ2YjFhOWJmYzYyN2I3YmY5NTk5IiwidmVyIjoiRXhjaGFuZ2UuQ2FsbGJhY2suVjEiLCJhcHBjdHhzZW5kZXIiOiJPd2FEb3dubG9hZEA4NGRmOWU3Zi1lOWY2LTQwYWYtYjQzNS1hYWFhYWFhYWFhYWEiLCJpc3NyaW5nIjoiV1ciLCJhcHBjdHgiOiJ7XCJtc2V4Y2hwcm90XCI6XCJvd2FcIixcInB1aWRcIjpcIjEwNTU1MjE0NTkxNDQ3OTdcIixcInNjb3BlXCI6XCJPd2FEb3dubG9hZFwiLFwib2lkXCI6XCIwMDAzYmZmZC1iZGEwLTA4NWQtMDAwMC0wMDAwMDAwMDAwMDBcIixcInByaW1hcnlzaWRcIjpcIlMtMS0yODI3LTI0NTc1Ny0zMTgxMzgxNzI1XCJ9IiwibmJmIjoxNjQ1Njk0OTAzLCJleHAiOjE2NDU2OTU1MDMsImlzcyI6IjAwMDAwMDAyLTAwMDAtMGZmMS1jZTAwLTAwMDAwMDAwMDAwMEA4NGRmOWU3Zi1lOWY2LTQwYWYtYjQzNS1hYWFhYWFhYWFhYWEiLCJhdWQiOiIwMDAwMDAwMi0wMDAwLTBmZjEtY2UwMC0wMDAwMDAwMDAwMDAvYXR0YWNobWVudC5vdXRsb29rLmxpdmUubmV0QDg0ZGY5ZTdmLWU5ZjYtNDBhZi1iNDM1LWFhYWFhYWFhYWFhYSIsImhhcHAiOiJvd2EifQ.CkmBFmF-UN3sQJ_V7cRM75fR8fyoKLemL3w2h5cYQX-Rx8xcNVm2Jvy81NIJ4uFNG1CDazaknpFRv97twC4c8YUALTEsS4098Momm0pEp1n4YOTXGe_CiusAfAAUfzjhmHkzMdu_ynUKiut-hlP-jfuPzkyaIBH_-MEXbrHCm31pp0mAB5v0gxHBILpMHXTOGqCB5RG4sixYAoYxoJeb2M0cMif-KpnnFR2b9Qh1IgUkdKAGTxZ50i0vNN8OrYh9ogPQEt6I4KHvQwUJ1qfiNjGL4vOULO2_sEcFcEr_tJM14qS45Pt1rYARf7IT6I5nO64G8M_SiNKvUYAIZVZDSg&amp;X-OWA-CANARY=Qt3dfh_hrUGbBE-FnwAriRAknqJ499kY8QPMlJhT1bqzrYGUziAK0iRLIhB8yUrmwPmteqPF8hI.&amp;owa=outlook.live.com&amp;scriptVer=20220211003.12&amp;animation=true\" alt=\"N\u00e1hled obr\u00e1zku\" width=\"672\" height=\"951\"\/><\/figure>\n","protected":false},"excerpt":{"rendered":"<p>Vzhledem ke st\u00e1le pom\u011brn\u011b vysok\u00e9 mo\u017enosti n\u00e1kazy COVID-19 a soub\u011bhem s jarn\u00edmi pr\u00e1zdninami jsme se rozhodlo odlo\u017eit za\u010d\u00e1tky kurz\u016f tvo\u0159en\u00ed z pedigu a keramiky na b\u0159ezen. Zah\u00e1jen\u00ed kurz\u016f je v t\u011bchto dnech: Tvo\u0159en\u00ed z pedigu &#8211; \u00fater\u00fd 8. b\u0159ezna 2022 v 16:30 na u\u010debn\u011b CLU3V Keramika &#8211; st\u0159eda 9. b\u0159rezna 2022 na Z\u0160 \u0160pi\u010d\u00e1k S &hellip; <\/p>\n<p class=\"link-more\"><a href=\"https:\/\/www.clu3v.cz\/index.php\/2022\/02\/24\/prelozeni-kurzu-pedig-a-keramika-na-brezen\/\" class=\"more-link\">Pokra\u010dovat ve \u010dten\u00ed<span class=\"screen-reader-text\"> &#8222;P\u0159elo\u017een\u00ed kurz\u016f Pedig a Keramika na b\u0159ezen&#8220;<\/span><\/a><\/p>\n","protected":false},"author":1,"featured_media":0,"comment_status":"closed","ping_status":"open","sticky":false,"template":"","format":"standard","meta":{"footnotes":""},"categories":[14,35,33,5,34],"tags":[73,19,18,23,31,55,78],"class_list":["post-883","post","type-post","status-publish","format-standard","hentry","category-aktualne","category-aktual","category-clu3v","category-kurzy","category-past","tag-73","tag-ceska-lipa","tag-cl","tag-clu3v","tag-keramika","tag-kurzy","tag-pedig"],"_links":{"self":[{"href":"https:\/\/www.clu3v.cz\/index.php\/wp-json\/wp\/v2\/posts\/883","targetHints":{"allow":["GET"]}}],"collection":[{"href":"https:\/\/www.clu3v.cz\/index.php\/wp-json\/wp\/v2\/posts"}],"about":[{"href":"https:\/\/www.clu3v.cz\/index.php\/wp-json\/wp\/v2\/types\/post"}],"author":[{"embeddable":true,"href":"https:\/\/www.clu3v.cz\/index.php\/wp-json\/wp\/v2\/users\/1"}],"replies":[{"embeddable":true,"href":"https:\/\/www.clu3v.cz\/index.php\/wp-json\/wp\/v2\/comments?post=883"}],"version-history":[{"count":2,"href":"https:\/\/www.clu3v.cz\/index.php\/wp-json\/wp\/v2\/posts\/883\/revisions"}],"predecessor-version":[{"id":885,"href":"https:\/\/www.clu3v.cz\/index.php\/wp-json\/wp\/v2\/posts\/883\/revisions\/885"}],"wp:attachment":[{"href":"https:\/\/www.clu3v.cz\/index.php\/wp-json\/wp\/v2\/media?parent=883"}],"wp:term":[{"taxonomy":"category","embeddable":true,"href":"https:\/\/www.clu3v.cz\/index.php\/wp-json\/wp\/v2\/categories?post=883"},{"taxonomy":"post_tag","embeddable":true,"href":"https:\/\/www.clu3v.cz\/index.php\/wp-json\/wp\/v2\/tags?post=883"}],"curies":[{"name":"wp","href":"https:\/\/api.w.org\/{rel}","templated":true}]}}