{"id":760,"date":"2020-10-12T14:05:31","date_gmt":"2020-10-12T14:05:31","guid":{"rendered":"http:\/\/www.clu3v.cz\/?p=760"},"modified":"2023-08-03T12:02:04","modified_gmt":"2023-08-03T10:02:04","slug":"jake-bylo-slavnostni-zahajeni-noveho-skolniho-roku","status":"publish","type":"post","link":"https:\/\/www.clu3v.cz\/index.php\/2020\/10\/12\/jake-bylo-slavnostni-zahajeni-noveho-skolniho-roku\/","title":{"rendered":"Jak\u00e9 bylo slavnostn\u00ed zah\u00e1jen\u00ed nov\u00e9ho \u0161koln\u00edho roku?"},"content":{"rendered":"\n<p>V polovin\u011b z\u00e1\u0159\u00ed prob\u011bhlo slavnostn\u00ed zah\u00e1jen\u00ed na\u0161ich kurz\u016f v zimn\u00edm semestru roku 2020\/2021. Setk\u00e1n\u00ed prob\u011bhlo v p\u0159\u00edjemn\u00e9 atmosf\u00e9\u0159e za p\u0159\u00edtomnosti t\u00e9m\u011b\u0159 v\u0161ech kurzist\u016f a veden\u00ed na\u0161eho spolku CLU3V z.s. <\/p>\n\n\n\n<p>D\u011bkujem v\u0161em, kte\u0159\u00ed se z\u00fa\u010dastnili a nav\u0161t\u011bvuj\u00ed na\u0161e kurzy. A dal\u0161\u00ed srde\u010dn\u011b zveme na na\u0161e dal\u0161\u00ed aktivity &#8211; v\u00fdlety a tvo\u0159en\u00ed, ne\u017e za\u010dnou nov\u00e9 kurzy v jarn\u00edm semestru. \ud83d\ude42<\/p>\n\n\n\n<figure class=\"wp-block-gallery columns-3 is-cropped wp-block-gallery-1 is-layout-flex wp-block-gallery-is-layout-flex\"><ul class=\"blocks-gallery-grid\"><li class=\"blocks-gallery-item\"><figure><img loading=\"lazy\" decoding=\"async\" width=\"1024\" height=\"768\" src=\"https:\/\/www.clu3v.cz\/wp-content\/uploads\/2020\/10\/IMG_20200916_161316-1024x768.jpg\" alt=\"\" data-id=\"761\" data-full-url=\"https:\/\/www.clu3v.cz\/wp-content\/uploads\/2020\/10\/IMG_20200916_161316-scaled.jpg\" data-link=\"https:\/\/www.clu3v.cz\/?attachment_id=761\" class=\"wp-image-761\" srcset=\"https:\/\/www.clu3v.cz\/wp-content\/uploads\/2020\/10\/IMG_20200916_161316-1024x768.jpg 1024w, https:\/\/www.clu3v.cz\/wp-content\/uploads\/2020\/10\/IMG_20200916_161316-300x225.jpg 300w, https:\/\/www.clu3v.cz\/wp-content\/uploads\/2020\/10\/IMG_20200916_161316-768x576.jpg 768w, https:\/\/www.clu3v.cz\/wp-content\/uploads\/2020\/10\/IMG_20200916_161316-1536x1152.jpg 1536w, https:\/\/www.clu3v.cz\/wp-content\/uploads\/2020\/10\/IMG_20200916_161316-2048x1536.jpg 2048w\" sizes=\"auto, (max-width: 767px) 89vw, (max-width: 1000px) 54vw, (max-width: 1071px) 543px, 580px\" \/><\/figure><\/li><li class=\"blocks-gallery-item\"><figure><img loading=\"lazy\" decoding=\"async\" width=\"768\" height=\"1024\" src=\"https:\/\/www.clu3v.cz\/wp-content\/uploads\/2020\/10\/IMG_20200916_161321-768x1024.jpg\" alt=\"\" data-id=\"762\" data-full-url=\"https:\/\/www.clu3v.cz\/wp-content\/uploads\/2020\/10\/IMG_20200916_161321-scaled.jpg\" data-link=\"https:\/\/www.clu3v.cz\/?attachment_id=762\" class=\"wp-image-762\" srcset=\"https:\/\/www.clu3v.cz\/wp-content\/uploads\/2020\/10\/IMG_20200916_161321-768x1024.jpg 768w, https:\/\/www.clu3v.cz\/wp-content\/uploads\/2020\/10\/IMG_20200916_161321-225x300.jpg 225w, https:\/\/www.clu3v.cz\/wp-content\/uploads\/2020\/10\/IMG_20200916_161321-1152x1536.jpg 1152w, https:\/\/www.clu3v.cz\/wp-content\/uploads\/2020\/10\/IMG_20200916_161321-1536x2048.jpg 1536w, https:\/\/www.clu3v.cz\/wp-content\/uploads\/2020\/10\/IMG_20200916_161321-scaled.jpg 1920w\" sizes=\"auto, (max-width: 767px) 89vw, (max-width: 1000px) 54vw, (max-width: 1071px) 543px, 580px\" \/><\/figure><\/li><li class=\"blocks-gallery-item\"><figure><img loading=\"lazy\" decoding=\"async\" width=\"768\" height=\"1024\" src=\"https:\/\/www.clu3v.cz\/wp-content\/uploads\/2020\/10\/IMG_20200916_161330-768x1024.jpg\" alt=\"\" data-id=\"763\" data-full-url=\"https:\/\/www.clu3v.cz\/wp-content\/uploads\/2020\/10\/IMG_20200916_161330-scaled.jpg\" data-link=\"https:\/\/www.clu3v.cz\/?attachment_id=763\" class=\"wp-image-763\" srcset=\"https:\/\/www.clu3v.cz\/wp-content\/uploads\/2020\/10\/IMG_20200916_161330-768x1024.jpg 768w, https:\/\/www.clu3v.cz\/wp-content\/uploads\/2020\/10\/IMG_20200916_161330-225x300.jpg 225w, https:\/\/www.clu3v.cz\/wp-content\/uploads\/2020\/10\/IMG_20200916_161330-1152x1536.jpg 1152w, https:\/\/www.clu3v.cz\/wp-content\/uploads\/2020\/10\/IMG_20200916_161330-1536x2048.jpg 1536w, https:\/\/www.clu3v.cz\/wp-content\/uploads\/2020\/10\/IMG_20200916_161330-scaled.jpg 1920w\" sizes=\"auto, (max-width: 767px) 89vw, (max-width: 1000px) 54vw, (max-width: 1071px) 543px, 580px\" \/><\/figure><\/li><\/ul><\/figure>\n","protected":false},"excerpt":{"rendered":"<p>V polovin\u011b z\u00e1\u0159\u00ed prob\u011bhlo slavnostn\u00ed zah\u00e1jen\u00ed na\u0161ich kurz\u016f v zimn\u00edm semestru roku 2020\/2021. Setk\u00e1n\u00ed prob\u011bhlo v p\u0159\u00edjemn\u00e9 atmosf\u00e9\u0159e za p\u0159\u00edtomnosti t\u00e9m\u011b\u0159 v\u0161ech kurzist\u016f a veden\u00ed na\u0161eho spolku CLU3V z.s. D\u011bkujem v\u0161em, kte\u0159\u00ed se z\u00fa\u010dastnili a nav\u0161t\u011bvuj\u00ed na\u0161e kurzy. A dal\u0161\u00ed srde\u010dn\u011b zveme na na\u0161e dal\u0161\u00ed aktivity &#8211; v\u00fdlety a tvo\u0159en\u00ed, ne\u017e za\u010dnou nov\u00e9 kurzy v &hellip; <\/p>\n<p class=\"link-more\"><a href=\"https:\/\/www.clu3v.cz\/index.php\/2020\/10\/12\/jake-bylo-slavnostni-zahajeni-noveho-skolniho-roku\/\" class=\"more-link\">Pokra\u010dovat ve \u010dten\u00ed<span class=\"screen-reader-text\"> &#8222;Jak\u00e9 bylo slavnostn\u00ed zah\u00e1jen\u00ed nov\u00e9ho \u0161koln\u00edho roku?&#8220;<\/span><\/a><\/p>\n","protected":false},"author":1,"featured_media":0,"comment_status":"closed","ping_status":"open","sticky":false,"template":"","format":"standard","meta":{"footnotes":""},"categories":[35,33,12,5,34],"tags":[29,54,19,18,23,55],"class_list":["post-760","post","type-post","status-publish","format-standard","hentry","category-aktual","category-clu3v","category-fotogalerie","category-kurzy","category-past","tag-29","tag-54","tag-ceska-lipa","tag-cl","tag-clu3v","tag-kurzy"],"_links":{"self":[{"href":"https:\/\/www.clu3v.cz\/index.php\/wp-json\/wp\/v2\/posts\/760","targetHints":{"allow":["GET"]}}],"collection":[{"href":"https:\/\/www.clu3v.cz\/index.php\/wp-json\/wp\/v2\/posts"}],"about":[{"href":"https:\/\/www.clu3v.cz\/index.php\/wp-json\/wp\/v2\/types\/post"}],"author":[{"embeddable":true,"href":"https:\/\/www.clu3v.cz\/index.php\/wp-json\/wp\/v2\/users\/1"}],"replies":[{"embeddable":true,"href":"https:\/\/www.clu3v.cz\/index.php\/wp-json\/wp\/v2\/comments?post=760"}],"version-history":[{"count":1,"href":"https:\/\/www.clu3v.cz\/index.php\/wp-json\/wp\/v2\/posts\/760\/revisions"}],"predecessor-version":[{"id":764,"href":"https:\/\/www.clu3v.cz\/index.php\/wp-json\/wp\/v2\/posts\/760\/revisions\/764"}],"wp:attachment":[{"href":"https:\/\/www.clu3v.cz\/index.php\/wp-json\/wp\/v2\/media?parent=760"}],"wp:term":[{"taxonomy":"category","embeddable":true,"href":"https:\/\/www.clu3v.cz\/index.php\/wp-json\/wp\/v2\/categories?post=760"},{"taxonomy":"post_tag","embeddable":true,"href":"https:\/\/www.clu3v.cz\/index.php\/wp-json\/wp\/v2\/tags?post=760"}],"curies":[{"name":"wp","href":"https:\/\/api.w.org\/{rel}","templated":true}]}}