{"id":476,"date":"2019-12-06T12:19:19","date_gmt":"2019-12-06T12:19:19","guid":{"rendered":"http:\/\/www.clu3v.cz\/?p=476"},"modified":"2022-06-05T09:21:14","modified_gmt":"2022-06-05T09:21:14","slug":"slavnostni-zakonceni-podzimnich-kurzu","status":"publish","type":"post","link":"https:\/\/www.clu3v.cz\/index.php\/2019\/12\/06\/slavnostni-zakonceni-podzimnich-kurzu\/","title":{"rendered":"Slavnostn\u00ed zakon\u010den\u00ed podzimn\u00edch kurz\u016f"},"content":{"rendered":"\n<p>Ve st\u0159edu 4. 12. 2019 se v Domov\u011b ml\u00e1de\u017ee SP\u0160 v \u010cesk\u00e9 L\u00edp\u011b uskute\u010dnilo slavnostn\u00ed ukon\u010den\u00ed v\u0161ech kurz\u016f, kter\u00e9 prob\u00edhaly na podzim od 30. z\u00e1\u0159\u00ed. <\/p>\n\n\n\n<p>\u010cerstv\u00ed absolventi, kter\u00fdch bylo ve \u010dty\u0159ech vzd\u011bl\u00e1vac\u00edch programech celkem 51, si p\u0159evzali sv\u00e9 certifik\u00e1ty a spole\u010dn\u011b v p\u0159\u00edjemn\u00e9 atmosf\u00e9\u0159e probrali sv\u00e9 z\u00e1\u017eitky a pl\u00e1ny na dal\u0161\u00ed vzd\u011bl\u00e1v\u00e1n\u00ed na ja\u0159e 2020. <\/p>\n\n\n\n<ul class=\"wp-block-gallery columns-3 is-cropped wp-block-gallery-1 is-layout-flex wp-block-gallery-is-layout-flex\"><li class=\"blocks-gallery-item\"><figure><img loading=\"lazy\" decoding=\"async\" width=\"768\" height=\"1024\" src=\"https:\/\/www.clu3v.cz\/wp-content\/uploads\/2019\/12\/IMG_20191204_153351-e1575634626267-768x1024.jpg\" alt=\"\" data-id=\"477\" data-link=\"https:\/\/www.clu3v.cz\/index.php\/2019\/12\/06\/slavnostni-zakonceni-podzimnich-kurzu\/img_20191204_153351\/\" class=\"wp-image-477\" srcset=\"https:\/\/www.clu3v.cz\/wp-content\/uploads\/2019\/12\/IMG_20191204_153351-e1575634626267-768x1024.jpg 768w, https:\/\/www.clu3v.cz\/wp-content\/uploads\/2019\/12\/IMG_20191204_153351-e1575634626267-225x300.jpg 225w\" sizes=\"auto, (max-width: 767px) 89vw, (max-width: 1000px) 54vw, (max-width: 1071px) 543px, 580px\" \/><\/figure><\/li><li class=\"blocks-gallery-item\"><figure><img loading=\"lazy\" decoding=\"async\" width=\"768\" height=\"1024\" src=\"https:\/\/www.clu3v.cz\/wp-content\/uploads\/2019\/12\/IMG_20191204_153401-e1575634661259-768x1024.jpg\" alt=\"\" data-id=\"478\" data-link=\"https:\/\/www.clu3v.cz\/index.php\/2019\/12\/06\/slavnostni-zakonceni-podzimnich-kurzu\/img_20191204_153401\/\" class=\"wp-image-478\" srcset=\"https:\/\/www.clu3v.cz\/wp-content\/uploads\/2019\/12\/IMG_20191204_153401-e1575634661259-768x1024.jpg 768w, https:\/\/www.clu3v.cz\/wp-content\/uploads\/2019\/12\/IMG_20191204_153401-e1575634661259-225x300.jpg 225w\" sizes=\"auto, (max-width: 767px) 89vw, (max-width: 1000px) 54vw, (max-width: 1071px) 543px, 580px\" \/><\/figure><\/li><li class=\"blocks-gallery-item\"><figure><img loading=\"lazy\" decoding=\"async\" width=\"768\" height=\"1024\" src=\"https:\/\/www.clu3v.cz\/wp-content\/uploads\/2019\/12\/IMG_20191204_153407-e1575634712388-768x1024.jpg\" alt=\"\" data-id=\"479\" data-link=\"https:\/\/www.clu3v.cz\/index.php\/2019\/12\/06\/slavnostni-zakonceni-podzimnich-kurzu\/img_20191204_153407\/\" class=\"wp-image-479\" srcset=\"https:\/\/www.clu3v.cz\/wp-content\/uploads\/2019\/12\/IMG_20191204_153407-e1575634712388-768x1024.jpg 768w, https:\/\/www.clu3v.cz\/wp-content\/uploads\/2019\/12\/IMG_20191204_153407-e1575634712388-225x300.jpg 225w\" sizes=\"auto, (max-width: 767px) 89vw, (max-width: 1000px) 54vw, (max-width: 1071px) 543px, 580px\" \/><\/figure><\/li><li class=\"blocks-gallery-item\"><figure><img loading=\"lazy\" decoding=\"async\" width=\"768\" height=\"1024\" src=\"https:\/\/www.clu3v.cz\/wp-content\/uploads\/2019\/12\/IMG_20191204_153416-e1575634709186-768x1024.jpg\" alt=\"\" data-id=\"480\" data-link=\"https:\/\/www.clu3v.cz\/index.php\/2019\/12\/06\/slavnostni-zakonceni-podzimnich-kurzu\/img_20191204_153416\/\" class=\"wp-image-480\" srcset=\"https:\/\/www.clu3v.cz\/wp-content\/uploads\/2019\/12\/IMG_20191204_153416-e1575634709186-768x1024.jpg 768w, https:\/\/www.clu3v.cz\/wp-content\/uploads\/2019\/12\/IMG_20191204_153416-e1575634709186-225x300.jpg 225w\" sizes=\"auto, (max-width: 767px) 89vw, (max-width: 1000px) 54vw, (max-width: 1071px) 543px, 580px\" \/><\/figure><\/li><li class=\"blocks-gallery-item\"><figure><img loading=\"lazy\" decoding=\"async\" width=\"1024\" height=\"768\" src=\"https:\/\/www.clu3v.cz\/wp-content\/uploads\/2019\/12\/IMG_20191204_160218-e1575634707782-1024x768.jpg\" alt=\"\" data-id=\"481\" data-link=\"https:\/\/www.clu3v.cz\/index.php\/2019\/12\/06\/slavnostni-zakonceni-podzimnich-kurzu\/img_20191204_160218\/\" class=\"wp-image-481\" srcset=\"https:\/\/www.clu3v.cz\/wp-content\/uploads\/2019\/12\/IMG_20191204_160218-e1575634707782-1024x768.jpg 1024w, https:\/\/www.clu3v.cz\/wp-content\/uploads\/2019\/12\/IMG_20191204_160218-e1575634707782-300x225.jpg 300w, https:\/\/www.clu3v.cz\/wp-content\/uploads\/2019\/12\/IMG_20191204_160218-e1575634707782-768x576.jpg 768w\" sizes=\"auto, (max-width: 767px) 89vw, (max-width: 1000px) 54vw, (max-width: 1071px) 543px, 580px\" \/><\/figure><\/li><li class=\"blocks-gallery-item\"><figure><img loading=\"lazy\" decoding=\"async\" width=\"1024\" height=\"768\" src=\"https:\/\/www.clu3v.cz\/wp-content\/uploads\/2019\/12\/IMG_20191204_162246-1024x768.jpg\" alt=\"\" data-id=\"482\" data-link=\"https:\/\/www.clu3v.cz\/index.php\/2019\/12\/06\/slavnostni-zakonceni-podzimnich-kurzu\/img_20191204_162246\/\" class=\"wp-image-482\" srcset=\"https:\/\/www.clu3v.cz\/wp-content\/uploads\/2019\/12\/IMG_20191204_162246-1024x768.jpg 1024w, https:\/\/www.clu3v.cz\/wp-content\/uploads\/2019\/12\/IMG_20191204_162246-300x225.jpg 300w, https:\/\/www.clu3v.cz\/wp-content\/uploads\/2019\/12\/IMG_20191204_162246-768x576.jpg 768w\" sizes=\"auto, (max-width: 767px) 89vw, (max-width: 1000px) 54vw, (max-width: 1071px) 543px, 580px\" \/><\/figure><\/li><\/ul>\n","protected":false},"excerpt":{"rendered":"<p>Ve st\u0159edu 4. 12. 2019 se v Domov\u011b ml\u00e1de\u017ee SP\u0160 v \u010cesk\u00e9 L\u00edp\u011b uskute\u010dnilo slavnostn\u00ed ukon\u010den\u00ed v\u0161ech kurz\u016f, kter\u00e9 prob\u00edhaly na podzim od 30. z\u00e1\u0159\u00ed. \u010cerstv\u00ed absolventi, kter\u00fdch bylo ve \u010dty\u0159ech vzd\u011bl\u00e1vac\u00edch programech celkem 51, si p\u0159evzali sv\u00e9 certifik\u00e1ty a spole\u010dn\u011b v p\u0159\u00edjemn\u00e9 atmosf\u00e9\u0159e probrali sv\u00e9 z\u00e1\u017eitky a pl\u00e1ny na dal\u0161\u00ed vzd\u011bl\u00e1v\u00e1n\u00ed na ja\u0159e 2020.<\/p>\n","protected":false},"author":1,"featured_media":0,"comment_status":"closed","ping_status":"open","sticky":false,"template":"","format":"standard","meta":{"footnotes":""},"categories":[14,12],"tags":[18,23],"class_list":["post-476","post","type-post","status-publish","format-standard","hentry","category-aktualne","category-fotogalerie","tag-cl","tag-clu3v"],"_links":{"self":[{"href":"https:\/\/www.clu3v.cz\/index.php\/wp-json\/wp\/v2\/posts\/476","targetHints":{"allow":["GET"]}}],"collection":[{"href":"https:\/\/www.clu3v.cz\/index.php\/wp-json\/wp\/v2\/posts"}],"about":[{"href":"https:\/\/www.clu3v.cz\/index.php\/wp-json\/wp\/v2\/types\/post"}],"author":[{"embeddable":true,"href":"https:\/\/www.clu3v.cz\/index.php\/wp-json\/wp\/v2\/users\/1"}],"replies":[{"embeddable":true,"href":"https:\/\/www.clu3v.cz\/index.php\/wp-json\/wp\/v2\/comments?post=476"}],"version-history":[{"count":2,"href":"https:\/\/www.clu3v.cz\/index.php\/wp-json\/wp\/v2\/posts\/476\/revisions"}],"predecessor-version":[{"id":484,"href":"https:\/\/www.clu3v.cz\/index.php\/wp-json\/wp\/v2\/posts\/476\/revisions\/484"}],"wp:attachment":[{"href":"https:\/\/www.clu3v.cz\/index.php\/wp-json\/wp\/v2\/media?parent=476"}],"wp:term":[{"taxonomy":"category","embeddable":true,"href":"https:\/\/www.clu3v.cz\/index.php\/wp-json\/wp\/v2\/categories?post=476"},{"taxonomy":"post_tag","embeddable":true,"href":"https:\/\/www.clu3v.cz\/index.php\/wp-json\/wp\/v2\/tags?post=476"}],"curies":[{"name":"wp","href":"https:\/\/api.w.org\/{rel}","templated":true}]}}