{"id":458,"date":"2019-11-03T10:21:59","date_gmt":"2019-11-03T10:21:59","guid":{"rendered":"http:\/\/www.clu3v.cz\/?p=458"},"modified":"2022-06-05T09:23:11","modified_gmt":"2022-06-05T09:23:11","slug":"pozvani-na-vanocni-tvoreni","status":"publish","type":"post","link":"https:\/\/www.clu3v.cz\/index.php\/2019\/11\/03\/pozvani-na-vanocni-tvoreni\/","title":{"rendered":"Pozv\u00e1n\u00ed na v\u00e1no\u010dn\u00ed tvo\u0159en\u00ed"},"content":{"rendered":"\n<p>Dovolujeme si v\u00e1s t\u00edmto pozvat a p\u0159ipomenout, \u017ee ve st\u0159edu 27.11. od 15:30 po\u0159\u00e1d\u00e1me spole\u010dn\u00e9 v\u00e1no\u010dn\u00ed tvo\u0159en\u00ed, kde se nau\u010d\u00edme a vyrob\u00edme vlastn\u00ed v\u00e1no\u010dn\u00ed dekoraci. <\/p>\n\n\n\n<p>Posledn\u00ed spole\u010dn\u00e9 tvo\u0159en\u00ed v\u011bnovan\u00e9 pleten\u00ed v\u0161emi zp\u016fsoby jsme si opravdu u\u017eili! <\/p>\n\n\n\n<p>Tak nev\u00e1hejte a p\u0159ij\u010fte, t\u011b\u0161\u00edme se na V\u00e1s. \ud83d\ude42  <\/p>\n\n\n\n<figure class=\"wp-block-image\"><img loading=\"lazy\" decoding=\"async\" width=\"1024\" height=\"595\" src=\"https:\/\/www.clu3v.cz\/wp-content\/uploads\/2019\/10\/image-1024x595.png\" alt=\"\" class=\"wp-image-454\" srcset=\"https:\/\/www.clu3v.cz\/wp-content\/uploads\/2019\/10\/image-1024x595.png 1024w, https:\/\/www.clu3v.cz\/wp-content\/uploads\/2019\/10\/image-300x174.png 300w, https:\/\/www.clu3v.cz\/wp-content\/uploads\/2019\/10\/image-768x446.png 768w, https:\/\/www.clu3v.cz\/wp-content\/uploads\/2019\/10\/image.png 1540w\" sizes=\"auto, (max-width: 767px) 89vw, (max-width: 1000px) 54vw, (max-width: 1071px) 543px, 580px\" \/><\/figure>\n","protected":false},"excerpt":{"rendered":"<p>Dovolujeme si v\u00e1s t\u00edmto pozvat a p\u0159ipomenout, \u017ee ve st\u0159edu 27.11. od 15:30 po\u0159\u00e1d\u00e1me spole\u010dn\u00e9 v\u00e1no\u010dn\u00ed tvo\u0159en\u00ed, kde se nau\u010d\u00edme a vyrob\u00edme vlastn\u00ed v\u00e1no\u010dn\u00ed dekoraci. Posledn\u00ed spole\u010dn\u00e9 tvo\u0159en\u00ed v\u011bnovan\u00e9 pleten\u00ed v\u0161emi zp\u016fsoby jsme si opravdu u\u017eili! Tak nev\u00e1hejte a p\u0159ij\u010fte, t\u011b\u0161\u00edme se na V\u00e1s. \ud83d\ude42<\/p>\n","protected":false},"author":1,"featured_media":0,"comment_status":"closed","ping_status":"open","sticky":false,"template":"","format":"standard","meta":{"footnotes":""},"categories":[1],"tags":[],"class_list":["post-458","post","type-post","status-publish","format-standard","hentry","category-uncategorized"],"_links":{"self":[{"href":"https:\/\/www.clu3v.cz\/index.php\/wp-json\/wp\/v2\/posts\/458","targetHints":{"allow":["GET"]}}],"collection":[{"href":"https:\/\/www.clu3v.cz\/index.php\/wp-json\/wp\/v2\/posts"}],"about":[{"href":"https:\/\/www.clu3v.cz\/index.php\/wp-json\/wp\/v2\/types\/post"}],"author":[{"embeddable":true,"href":"https:\/\/www.clu3v.cz\/index.php\/wp-json\/wp\/v2\/users\/1"}],"replies":[{"embeddable":true,"href":"https:\/\/www.clu3v.cz\/index.php\/wp-json\/wp\/v2\/comments?post=458"}],"version-history":[{"count":2,"href":"https:\/\/www.clu3v.cz\/index.php\/wp-json\/wp\/v2\/posts\/458\/revisions"}],"predecessor-version":[{"id":462,"href":"https:\/\/www.clu3v.cz\/index.php\/wp-json\/wp\/v2\/posts\/458\/revisions\/462"}],"wp:attachment":[{"href":"https:\/\/www.clu3v.cz\/index.php\/wp-json\/wp\/v2\/media?parent=458"}],"wp:term":[{"taxonomy":"category","embeddable":true,"href":"https:\/\/www.clu3v.cz\/index.php\/wp-json\/wp\/v2\/categories?post=458"},{"taxonomy":"post_tag","embeddable":true,"href":"https:\/\/www.clu3v.cz\/index.php\/wp-json\/wp\/v2\/tags?post=458"}],"curies":[{"name":"wp","href":"https:\/\/api.w.org\/{rel}","templated":true}]}}