{"id":316,"date":"2019-04-26T12:06:11","date_gmt":"2019-04-26T12:06:11","guid":{"rendered":"http:\/\/www.clu3v.cz\/?p=316"},"modified":"2022-06-05T09:23:11","modified_gmt":"2022-06-05T09:23:11","slug":"hratky-s-keramikou-kurz-na-zkousku","status":"publish","type":"post","link":"https:\/\/www.clu3v.cz\/index.php\/2019\/04\/26\/hratky-s-keramikou-kurz-na-zkousku\/","title":{"rendered":"Hr\u00e1tky s keramikou &#8211; kurz na zkou\u0161ku"},"content":{"rendered":"\n<p><strong><em> St\u0159eda 15.  kv\u011btna 2019&nbsp; 9,00 \u2013 10,30 hodin<\/em><\/strong><\/p>\n\n\n\n<div class=\"wp-block-image\"><figure class=\"alignright is-resized\"><img loading=\"lazy\" decoding=\"async\" src=\"https:\/\/www.clu3v.cz\/wp-content\/uploads\/2019\/04\/IMG-82cce457111d8ca1d2a8f2e540311e78-V-1-575x1024.jpg\" alt=\"\" class=\"wp-image-326\" width=\"111\" height=\"197\" srcset=\"https:\/\/www.clu3v.cz\/wp-content\/uploads\/2019\/04\/IMG-82cce457111d8ca1d2a8f2e540311e78-V-1-575x1024.jpg 575w, https:\/\/www.clu3v.cz\/wp-content\/uploads\/2019\/04\/IMG-82cce457111d8ca1d2a8f2e540311e78-V-1-169x300.jpg 169w, https:\/\/www.clu3v.cz\/wp-content\/uploads\/2019\/04\/IMG-82cce457111d8ca1d2a8f2e540311e78-V-1.jpg 674w\" sizes=\"auto, (max-width: 111px) 100vw, 111px\" \/><\/figure><\/div>\n\n\n\n<div class=\"wp-block-image\"><figure class=\"alignright is-resized\"><img loading=\"lazy\" decoding=\"async\" src=\"https:\/\/www.clu3v.cz\/wp-content\/uploads\/2019\/04\/IMG_20190422_205459_resized_20190422_093004157-1-919x1024.jpg\" alt=\"\" class=\"wp-image-325\" width=\"177\" height=\"197\" srcset=\"https:\/\/www.clu3v.cz\/wp-content\/uploads\/2019\/04\/IMG_20190422_205459_resized_20190422_093004157-1-919x1024.jpg 919w, https:\/\/www.clu3v.cz\/wp-content\/uploads\/2019\/04\/IMG_20190422_205459_resized_20190422_093004157-1-269x300.jpg 269w, https:\/\/www.clu3v.cz\/wp-content\/uploads\/2019\/04\/IMG_20190422_205459_resized_20190422_093004157-1-768x856.jpg 768w, https:\/\/www.clu3v.cz\/wp-content\/uploads\/2019\/04\/IMG_20190422_205459_resized_20190422_093004157-1.jpg 1560w\" sizes=\"auto, (max-width: 177px) 100vw, 177px\" \/><\/figure><\/div>\n\n\n\n<p>P\u0159ij\u010fte si vyzkou\u0161et program v keramick\u00e9 d\u00edln\u011b \u2013 p\u0159ipravujeme jej   pro V\u00e1s do podzimn\u00ed nab\u00eddky.   Sezn\u00e1m\u00edte se s keramickou d\u00edlnou na Z\u0160 \u0160pi\u010d\u00e1k (III.pavilon   Z\u0160, ul. 28. \u0159\u00edjna v \u010cesk\u00e9 L\u00edp\u011b), vedouc\u00ed lektorkou pan\u00ed Hanou Ludv\u00edkovou,   vyzkou\u0161\u00edte si pr\u00e1ci s hl\u00ednou a vytvo\u0159\u00edte svou kachli ve tvaru stromu! <\/p>\n\n\n\n<p>Keramick\u00e1 d\u00edlna Z\u00e1kladn\u00ed \u0161koly, \u010cesk\u00e1 L\u00edpa, 28. \u0159\u00edjna;  <br>Sraz u pavilonu III v are\u00e1lu \u0161koly v 8,45 hod <\/p>\n\n\n\n<p><strong>CENA <\/strong><strong><em>150<\/em><\/strong><strong>\n<\/strong><strong>K\u010d ,\nMATERI\u00c1L HRAZEN NA M\u00cdST\u011a CCA <\/strong><strong><em>50<\/em><\/strong><strong> <\/strong><strong>K\u010d<\/strong><\/p>\n\n\n\n<p><strong>Svou \u00fa\u010dast, pros\u00edme, potvr\u010fte a n\u00e1sledn\u011b poplatek uhra\u010fte v p\u0159edstihu, po\u010det osob omezen.<\/strong><\/p>\n\n\n\n<p><strong>P\u0159ihl\u00e1\u0161en\u00ed: e-mail<\/strong><strong> <\/strong><a href=\"mailto:clu3v@seznam.cz\"><strong>clu3v@seznam.cz<\/strong><\/a><strong><em> <\/em><\/strong><strong>\u010di\ntelefon \u010d.<\/strong><strong> <\/strong><strong>704 417&nbsp;980<em><\/em><\/strong><\/p>\n\n\n\n<p><strong>\u00dahrada:&nbsp;&nbsp;&nbsp; \u010d.\u00fa.<\/strong><strong><em> <\/em><\/strong><strong>5632357369\/0800<\/strong><strong><\/strong><\/p>\n","protected":false},"excerpt":{"rendered":"<p>St\u0159eda 15. kv\u011btna 2019&nbsp; 9,00 \u2013 10,30 hodin P\u0159ij\u010fte si vyzkou\u0161et program v keramick\u00e9 d\u00edln\u011b \u2013 p\u0159ipravujeme jej pro V\u00e1s do podzimn\u00ed nab\u00eddky. Sezn\u00e1m\u00edte se s keramickou d\u00edlnou na Z\u0160 \u0160pi\u010d\u00e1k (III.pavilon Z\u0160, ul. 28. \u0159\u00edjna v \u010cesk\u00e9 L\u00edp\u011b), vedouc\u00ed lektorkou pan\u00ed Hanou Ludv\u00edkovou, vyzkou\u0161\u00edte si pr\u00e1ci s hl\u00ednou a vytvo\u0159\u00edte svou kachli ve tvaru &hellip; <\/p>\n<p class=\"link-more\"><a href=\"https:\/\/www.clu3v.cz\/index.php\/2019\/04\/26\/hratky-s-keramikou-kurz-na-zkousku\/\" class=\"more-link\">Pokra\u010dovat ve \u010dten\u00ed<span class=\"screen-reader-text\"> &#8222;Hr\u00e1tky s keramikou &#8211; kurz na zkou\u0161ku&#8220;<\/span><\/a><\/p>\n","protected":false},"author":1,"featured_media":0,"comment_status":"closed","ping_status":"open","sticky":false,"template":"","format":"standard","meta":{"footnotes":""},"categories":[5],"tags":[],"class_list":["post-316","post","type-post","status-publish","format-standard","hentry","category-kurzy"],"_links":{"self":[{"href":"https:\/\/www.clu3v.cz\/index.php\/wp-json\/wp\/v2\/posts\/316","targetHints":{"allow":["GET"]}}],"collection":[{"href":"https:\/\/www.clu3v.cz\/index.php\/wp-json\/wp\/v2\/posts"}],"about":[{"href":"https:\/\/www.clu3v.cz\/index.php\/wp-json\/wp\/v2\/types\/post"}],"author":[{"embeddable":true,"href":"https:\/\/www.clu3v.cz\/index.php\/wp-json\/wp\/v2\/users\/1"}],"replies":[{"embeddable":true,"href":"https:\/\/www.clu3v.cz\/index.php\/wp-json\/wp\/v2\/comments?post=316"}],"version-history":[{"count":2,"href":"https:\/\/www.clu3v.cz\/index.php\/wp-json\/wp\/v2\/posts\/316\/revisions"}],"predecessor-version":[{"id":327,"href":"https:\/\/www.clu3v.cz\/index.php\/wp-json\/wp\/v2\/posts\/316\/revisions\/327"}],"wp:attachment":[{"href":"https:\/\/www.clu3v.cz\/index.php\/wp-json\/wp\/v2\/media?parent=316"}],"wp:term":[{"taxonomy":"category","embeddable":true,"href":"https:\/\/www.clu3v.cz\/index.php\/wp-json\/wp\/v2\/categories?post=316"},{"taxonomy":"post_tag","embeddable":true,"href":"https:\/\/www.clu3v.cz\/index.php\/wp-json\/wp\/v2\/tags?post=316"}],"curies":[{"name":"wp","href":"https:\/\/api.w.org\/{rel}","templated":true}]}}