{"id":298,"date":"2019-04-12T11:42:35","date_gmt":"2019-04-12T11:42:35","guid":{"rendered":"http:\/\/www.clu3v.cz\/?p=298"},"modified":"2022-06-05T09:23:11","modified_gmt":"2022-06-05T09:23:11","slug":"bylinkovy-workshop-vyroba-bylinne-kosmetiky","status":"publish","type":"post","link":"https:\/\/www.clu3v.cz\/index.php\/2019\/04\/12\/bylinkovy-workshop-vyroba-bylinne-kosmetiky\/","title":{"rendered":"Bylinkov\u00fd workshop \u2013 V\u00ddROBA BYLINN\u00c9 KOSMETIKY"},"content":{"rendered":"\n<div class=\"wp-block-image\"><figure class=\"alignright is-resized\"><img loading=\"lazy\" decoding=\"async\" src=\"https:\/\/www.clu3v.cz\/wp-content\/uploads\/2019\/04\/aroma-906137_1920-1024x1024.jpg\" alt=\"\" class=\"wp-image-299\" width=\"127\" height=\"127\" srcset=\"https:\/\/www.clu3v.cz\/wp-content\/uploads\/2019\/04\/aroma-906137_1920-1024x1024.jpg 1024w, https:\/\/www.clu3v.cz\/wp-content\/uploads\/2019\/04\/aroma-906137_1920-150x150.jpg 150w, https:\/\/www.clu3v.cz\/wp-content\/uploads\/2019\/04\/aroma-906137_1920-300x300.jpg 300w, https:\/\/www.clu3v.cz\/wp-content\/uploads\/2019\/04\/aroma-906137_1920-768x768.jpg 768w, https:\/\/www.clu3v.cz\/wp-content\/uploads\/2019\/04\/aroma-906137_1920-100x100.jpg 100w, https:\/\/www.clu3v.cz\/wp-content\/uploads\/2019\/04\/aroma-906137_1920.jpg 1920w\" sizes=\"auto, (max-width: 127px) 100vw, 127px\" \/><figcaption>zdroj: pixabay<br><br><\/figcaption><\/figure><\/div>\n\n\n\n<p><strong> V pond\u011bl\u00ed 13. 5. 2019 od 17 hod, \u010cesk\u00e1 L\u00edpa,  u\u010debna SP\u0160, 1. patro <\/strong><br><br> lektorky programu Bylinky nejen pro zahradn\u00edky organizuj\u00ed nejen  pro sv\u00e9 poslucha\u010de v\u00fdrobu r\u016fzn\u00fdch druh\u016f p\u0159\u00edpravk\u016f dom\u00e1c\u00ed  kosmetiky s kr\u00e1tkou p\u0159edn\u00e1\u0161kou o surovin\u00e1ch a vyu\u017eit\u00ed bylin  v kosmetice \u2013  &#8211; vstupn\u00e9 100 K\u010d a \u00fahrada za  materi\u00e1l <\/p>\n\n\n\n<p><em>p\u0159ihl\u00e1\u0161ky na telefonu:  704 417 980, nebo mailem:  clu3v@seznam.cz<\/em><\/p>\n","protected":false},"excerpt":{"rendered":"<p>V pond\u011bl\u00ed 13. 5. 2019 od 17 hod, \u010cesk\u00e1 L\u00edpa, u\u010debna SP\u0160, 1. patro lektorky programu Bylinky nejen pro zahradn\u00edky organizuj\u00ed nejen pro sv\u00e9 poslucha\u010de v\u00fdrobu r\u016fzn\u00fdch druh\u016f p\u0159\u00edpravk\u016f dom\u00e1c\u00ed kosmetiky s kr\u00e1tkou p\u0159edn\u00e1\u0161kou o surovin\u00e1ch a vyu\u017eit\u00ed bylin v kosmetice \u2013 &#8211; vstupn\u00e9 100 K\u010d a \u00fahrada za materi\u00e1l p\u0159ihl\u00e1\u0161ky na telefonu: 704 417 &hellip; <\/p>\n<p class=\"link-more\"><a href=\"https:\/\/www.clu3v.cz\/index.php\/2019\/04\/12\/bylinkovy-workshop-vyroba-bylinne-kosmetiky\/\" class=\"more-link\">Pokra\u010dovat ve \u010dten\u00ed<span class=\"screen-reader-text\"> &#8222;Bylinkov\u00fd workshop \u2013 V\u00ddROBA BYLINN\u00c9 KOSMETIKY&#8220;<\/span><\/a><\/p>\n","protected":false},"author":1,"featured_media":0,"comment_status":"closed","ping_status":"open","sticky":false,"template":"","format":"standard","meta":{"footnotes":""},"categories":[5,34],"tags":[],"class_list":["post-298","post","type-post","status-publish","format-standard","hentry","category-kurzy","category-past"],"_links":{"self":[{"href":"https:\/\/www.clu3v.cz\/index.php\/wp-json\/wp\/v2\/posts\/298","targetHints":{"allow":["GET"]}}],"collection":[{"href":"https:\/\/www.clu3v.cz\/index.php\/wp-json\/wp\/v2\/posts"}],"about":[{"href":"https:\/\/www.clu3v.cz\/index.php\/wp-json\/wp\/v2\/types\/post"}],"author":[{"embeddable":true,"href":"https:\/\/www.clu3v.cz\/index.php\/wp-json\/wp\/v2\/users\/1"}],"replies":[{"embeddable":true,"href":"https:\/\/www.clu3v.cz\/index.php\/wp-json\/wp\/v2\/comments?post=298"}],"version-history":[{"count":6,"href":"https:\/\/www.clu3v.cz\/index.php\/wp-json\/wp\/v2\/posts\/298\/revisions"}],"predecessor-version":[{"id":548,"href":"https:\/\/www.clu3v.cz\/index.php\/wp-json\/wp\/v2\/posts\/298\/revisions\/548"}],"wp:attachment":[{"href":"https:\/\/www.clu3v.cz\/index.php\/wp-json\/wp\/v2\/media?parent=298"}],"wp:term":[{"taxonomy":"category","embeddable":true,"href":"https:\/\/www.clu3v.cz\/index.php\/wp-json\/wp\/v2\/categories?post=298"},{"taxonomy":"post_tag","embeddable":true,"href":"https:\/\/www.clu3v.cz\/index.php\/wp-json\/wp\/v2\/tags?post=298"}],"curies":[{"name":"wp","href":"https:\/\/api.w.org\/{rel}","templated":true}]}}