{"id":278,"date":"2019-04-09T18:07:25","date_gmt":"2019-04-09T18:07:25","guid":{"rendered":"http:\/\/www.clu3v.cz\/?p=278"},"modified":"2022-06-05T09:23:11","modified_gmt":"2022-06-05T09:23:11","slug":"vitani-ptaciho-zpevu","status":"publish","type":"post","link":"https:\/\/www.clu3v.cz\/index.php\/2019\/04\/09\/vitani-ptaciho-zpevu\/","title":{"rendered":"V\u00edt\u00e1n\u00ed pta\u010d\u00edho zp\u011bvu"},"content":{"rendered":"\n<div class=\"wp-block-image\"><figure class=\"alignright is-resized\"><img loading=\"lazy\" decoding=\"async\" src=\"https:\/\/www.clu3v.cz\/wp-content\/uploads\/2019\/04\/tree-3285547_1920-1024x530.jpg\" alt=\"\" class=\"wp-image-304\" width=\"284\" height=\"147\" srcset=\"https:\/\/www.clu3v.cz\/wp-content\/uploads\/2019\/04\/tree-3285547_1920-1024x530.jpg 1024w, https:\/\/www.clu3v.cz\/wp-content\/uploads\/2019\/04\/tree-3285547_1920-300x155.jpg 300w, https:\/\/www.clu3v.cz\/wp-content\/uploads\/2019\/04\/tree-3285547_1920-768x397.jpg 768w, https:\/\/www.clu3v.cz\/wp-content\/uploads\/2019\/04\/tree-3285547_1920.jpg 1920w\" sizes=\"auto, (max-width: 284px) 100vw, 284px\" \/><figcaption>zdroj: pixabay<\/figcaption><\/figure><\/div>\n\n\n\n<p><strong>Ned\u011ble 5. 5. 2019 sraz                                             v 9 hod u muzea \u2013 po\u0159\u00e1d\u00e1 Vlastiv\u011bdn\u00e9 muzeum a galerie \u010cesk\u00e1 L\u00edpa<\/strong><\/p>\n\n\n\n<p>Vlastiv\u011bdn\u00e9 muzeum a galerie v&nbsp;\u010cesk\u00e9 L\u00edp\u011b V\u00e1s zve na spole\u010dnou vych\u00e1zku za pta\u010d\u00edm zp\u011bvem<\/p>\n\n\n\n<p>\u00fa\u010dast zdarma &#8211; srde\u010dn\u011b zveme!<\/p>\n\n\n\n<p><em>V\u00edce akc\u00ed a info na <\/em><a href=\"https:\/\/www.muzeumcl.cz\/ekoporadna.html\"><em>https:\/\/www.muzeumcl.cz\/ekoporadna.html<\/em><\/a><\/p>\n","protected":false},"excerpt":{"rendered":"<p>Ned\u011ble 5. 5. 2019 sraz v 9 hod u muzea \u2013 po\u0159\u00e1d\u00e1 Vlastiv\u011bdn\u00e9 muzeum a galerie \u010cesk\u00e1 L\u00edpa Vlastiv\u011bdn\u00e9 muzeum a galerie v&nbsp;\u010cesk\u00e9 L\u00edp\u011b V\u00e1s zve na spole\u010dnou vych\u00e1zku za pta\u010d\u00edm zp\u011bvem \u00fa\u010dast zdarma &#8211; srde\u010dn\u011b zveme! V\u00edce akc\u00ed a info na https:\/\/www.muzeumcl.cz\/ekoporadna.html<\/p>\n","protected":false},"author":1,"featured_media":0,"comment_status":"closed","ping_status":"open","sticky":false,"template":"","format":"standard","meta":{"footnotes":""},"categories":[33,5,34],"tags":[],"class_list":["post-278","post","type-post","status-publish","format-standard","hentry","category-clu3v","category-kurzy","category-past"],"_links":{"self":[{"href":"https:\/\/www.clu3v.cz\/index.php\/wp-json\/wp\/v2\/posts\/278","targetHints":{"allow":["GET"]}}],"collection":[{"href":"https:\/\/www.clu3v.cz\/index.php\/wp-json\/wp\/v2\/posts"}],"about":[{"href":"https:\/\/www.clu3v.cz\/index.php\/wp-json\/wp\/v2\/types\/post"}],"author":[{"embeddable":true,"href":"https:\/\/www.clu3v.cz\/index.php\/wp-json\/wp\/v2\/users\/1"}],"replies":[{"embeddable":true,"href":"https:\/\/www.clu3v.cz\/index.php\/wp-json\/wp\/v2\/comments?post=278"}],"version-history":[{"count":4,"href":"https:\/\/www.clu3v.cz\/index.php\/wp-json\/wp\/v2\/posts\/278\/revisions"}],"predecessor-version":[{"id":549,"href":"https:\/\/www.clu3v.cz\/index.php\/wp-json\/wp\/v2\/posts\/278\/revisions\/549"}],"wp:attachment":[{"href":"https:\/\/www.clu3v.cz\/index.php\/wp-json\/wp\/v2\/media?parent=278"}],"wp:term":[{"taxonomy":"category","embeddable":true,"href":"https:\/\/www.clu3v.cz\/index.php\/wp-json\/wp\/v2\/categories?post=278"},{"taxonomy":"post_tag","embeddable":true,"href":"https:\/\/www.clu3v.cz\/index.php\/wp-json\/wp\/v2\/tags?post=278"}],"curies":[{"name":"wp","href":"https:\/\/api.w.org\/{rel}","templated":true}]}}