{"id":228,"date":"2019-03-22T12:31:51","date_gmt":"2019-03-22T12:31:51","guid":{"rendered":"http:\/\/www.clu3v.cz\/?p=228"},"modified":"2022-06-05T09:23:11","modified_gmt":"2022-06-05T09:23:11","slug":"jarni-tvoreni-streda-3-dubna-2019-od-1530","status":"publish","type":"post","link":"https:\/\/www.clu3v.cz\/index.php\/2019\/03\/22\/jarni-tvoreni-streda-3-dubna-2019-od-1530\/","title":{"rendered":"JARN\u00cd TVO\u0158EN\u00cd st\u0159eda 3. dubna 2019 od 15:30"},"content":{"rendered":"\n<p><strong>Srde\u010dn\u011b zveme<\/strong> <strong>\u00fa\u010dastn\u00edky \u010ceskolipsk\u00e9 univerzity 3.&nbsp;v\u011bku<\/strong>  <strong>a jejich p\u0159\u00e1tele a bl\u00edzk\u00e9!  <\/strong><\/p>\n\n\n\n<div class=\"wp-block-image\"><figure class=\"alignright is-resized\"><img loading=\"lazy\" decoding=\"async\" src=\"https:\/\/www.clu3v.cz\/wp-content\/uploads\/2019\/03\/20160307_115530-e1553257732746.jpg\" alt=\"\" class=\"wp-image-240\" width=\"175\" height=\"195\" srcset=\"https:\/\/www.clu3v.cz\/wp-content\/uploads\/2019\/03\/20160307_115530-e1553257732746.jpg 402w, https:\/\/www.clu3v.cz\/wp-content\/uploads\/2019\/03\/20160307_115530-e1553257732746-270x300.jpg 270w\" sizes=\"auto, (max-width: 175px) 100vw, 175px\" \/><figcaption>jarn\u00ed tvo\u0159en\u00ed<\/figcaption><\/figure><\/div>\n\n\n\n<blockquote class=\"wp-block-quote is-layout-flow wp-block-quote-is-layout-flow\"><p>P\u0159ij\u010fte si u\u017e\u00edt jarn\u00ed \u010das a&nbsp;vytvo\u0159te si n\u011bco p\u011bkn\u00e9ho pro radost!<\/p><p><\/p><\/blockquote>\n\n\n\n<p>Budeme spole\u010dn\u011b tvo\u0159it a vyrob\u00edme si v\u011bnce, misky, dekorace a dal\u0161\u00ed v\u00fdzdobu pro nadch\u00e1zej\u00edc\u00ed sv\u00e1tky jara.  Tvo\u0159it m\u016f\u017eete z vlastn\u00edho materi\u00e1lu nebo si budete moci zakoupit v\u0161e pot\u0159ebn\u00e9 na m\u00edst\u011b. <\/p>\n\n\n\n<p><strong><em>Vstupn\u00e9 50 K\u010d<\/em><\/strong><\/p>\n\n\n\n<p>J\u00eddelna v domov\u011b ml\u00e1de\u017ee SP\u0160, Havl\u00ed\u010dkova 443 \u010cesk\u00e1 L\u00edpa<\/p>\n\n\n\n<p><strong>Svou \u00fa\u010dast potvr\u010fte pros\u00edm p\u0159edem emailem na clu3v@seznam.cze-mailem <em>clu3v@seznam.cz \u0159i telefonicky na \u010d\u00edsle: 704 417 980<\/em><\/strong><strong><em>980<\/em><\/strong><strong><em>0<\/em><\/strong><\/p>\n\n\n\n<p><a href=\"https:\/\/www.clu3v.cz\/wp-content\/uploads\/2019\/03\/jarni_tvoreni.pdf\">plak\u00e1t zde<\/a><\/p>\n\n\n\n<p><br><\/p>\n","protected":false},"excerpt":{"rendered":"<p>Srde\u010dn\u011b zveme \u00fa\u010dastn\u00edky \u010ceskolipsk\u00e9 univerzity 3.&nbsp;v\u011bku a jejich p\u0159\u00e1tele a bl\u00edzk\u00e9! P\u0159ij\u010fte si u\u017e\u00edt jarn\u00ed \u010das a&nbsp;vytvo\u0159te si n\u011bco p\u011bkn\u00e9ho pro radost! Budeme spole\u010dn\u011b tvo\u0159it a vyrob\u00edme si v\u011bnce, misky, dekorace a dal\u0161\u00ed v\u00fdzdobu pro nadch\u00e1zej\u00edc\u00ed sv\u00e1tky jara. Tvo\u0159it m\u016f\u017eete z vlastn\u00edho materi\u00e1lu nebo si budete moci zakoupit v\u0161e pot\u0159ebn\u00e9 na m\u00edst\u011b. Vstupn\u00e9 50 K\u010d &hellip; <\/p>\n<p class=\"link-more\"><a href=\"https:\/\/www.clu3v.cz\/index.php\/2019\/03\/22\/jarni-tvoreni-streda-3-dubna-2019-od-1530\/\" class=\"more-link\">Pokra\u010dovat ve \u010dten\u00ed<span class=\"screen-reader-text\"> &#8222;JARN\u00cd TVO\u0158EN\u00cd st\u0159eda 3. dubna 2019 od 15:30&#8220;<\/span><\/a><\/p>\n","protected":false},"author":1,"featured_media":0,"comment_status":"closed","ping_status":"open","sticky":false,"template":"","format":"standard","meta":{"footnotes":""},"categories":[5],"tags":[],"class_list":["post-228","post","type-post","status-publish","format-standard","hentry","category-kurzy"],"_links":{"self":[{"href":"https:\/\/www.clu3v.cz\/index.php\/wp-json\/wp\/v2\/posts\/228","targetHints":{"allow":["GET"]}}],"collection":[{"href":"https:\/\/www.clu3v.cz\/index.php\/wp-json\/wp\/v2\/posts"}],"about":[{"href":"https:\/\/www.clu3v.cz\/index.php\/wp-json\/wp\/v2\/types\/post"}],"author":[{"embeddable":true,"href":"https:\/\/www.clu3v.cz\/index.php\/wp-json\/wp\/v2\/users\/1"}],"replies":[{"embeddable":true,"href":"https:\/\/www.clu3v.cz\/index.php\/wp-json\/wp\/v2\/comments?post=228"}],"version-history":[{"count":6,"href":"https:\/\/www.clu3v.cz\/index.php\/wp-json\/wp\/v2\/posts\/228\/revisions"}],"predecessor-version":[{"id":244,"href":"https:\/\/www.clu3v.cz\/index.php\/wp-json\/wp\/v2\/posts\/228\/revisions\/244"}],"wp:attachment":[{"href":"https:\/\/www.clu3v.cz\/index.php\/wp-json\/wp\/v2\/media?parent=228"}],"wp:term":[{"taxonomy":"category","embeddable":true,"href":"https:\/\/www.clu3v.cz\/index.php\/wp-json\/wp\/v2\/categories?post=228"},{"taxonomy":"post_tag","embeddable":true,"href":"https:\/\/www.clu3v.cz\/index.php\/wp-json\/wp\/v2\/tags?post=228"}],"curies":[{"name":"wp","href":"https:\/\/api.w.org\/{rel}","templated":true}]}}