{"id":207,"date":"2019-03-13T09:56:01","date_gmt":"2019-03-13T09:56:01","guid":{"rendered":"http:\/\/www.clu3v.cz\/?p=207"},"modified":"2022-06-05T09:23:11","modified_gmt":"2022-06-05T09:23:11","slug":"bylinky-nejen-pro-zahradniky","status":"publish","type":"post","link":"https:\/\/www.clu3v.cz\/index.php\/2019\/03\/13\/bylinky-nejen-pro-zahradniky\/","title":{"rendered":"Bylinky nejen pro zahradn\u00edky"},"content":{"rendered":"\n<p><strong>(Ing.\nKate\u0159ina \u0160imon, Ing. Zuzana Bukvi\u010dkov\u00e1)<\/strong><\/p>\n\n\n\n<p>11. 3. 2019, od 17 hod, SP\u0160, <strong>Zakl\u00e1d\u00e1me bylinkovou zahradu<\/strong>&nbsp;<\/p>\n\n\n\n<p>Mo\u017enosti p\u011bstov\u00e1n\u00ed bylinek \u2013 samostatn\u011b, ve sm\u00ed\u0161en\u00e9\nkultu\u0159e, v&nbsp;n\u00e1dob\u00e1ch \u2013 doporu\u010den\u00e9 kombinace, vhodn\u00e9 slo\u017een\u00ed bylinkov\u00e9ho\nz\u00e1honu, tematick\u00e9 zahr\u00e1dky \u2013 bylinkov\u00e1 spir\u00e1la, st\u0159edomo\u0159sk\u00e1, horsk\u00e1,\nskalni\u010dkov\u00e1, st\u00ednomiln\u00e1, kl\u00e1\u0161tern\u00ed zahr\u00e1dka. Pap\u00edr a pastelky s&nbsp;sebou!\nMo\u017enost navrhnout si vlastn\u00ed z\u00e1hon. <\/p>\n\n\n\n<p>18.\n3. 2019, od&nbsp;17 hod, SP\u0160,&nbsp; <strong>Horsk\u00e9 a v\u0159esovi\u0161tn\u00ed rostliny<\/strong> <\/p>\n\n\n\n<p>V\u0159esovi\u0161t\u011b ve voln\u00e9 p\u0159\u00edrod\u011b a na zahrad\u011b, zp\u016fsob\nzalo\u017een\u00ed. P\u011bstov\u00e1n\u00ed bylinek s&nbsp;odli\u0161n\u00fdmi n\u00e1roky na p\u016fdu a pH v&nbsp;na\u0161ich\npodm\u00ednk\u00e1ch, chr\u00e1n\u011bn\u00e9 druhy a pravidla sb\u011bru. V\u0159esy, medv\u011bdice, brusinky,\nbor\u016fvky a jejich vliv na na\u0161e zdrav\u00ed. Horsk\u00e9 bylinky a jejich p\u011bstov\u00e1n\u00ed. Vliv\nnadmo\u0159sk\u00e9 v\u00fd\u0161ky a extr\u00e9mn\u00edho klima na bylinky a jejich \u00fa\u010dinn\u00e9 l\u00e1tky.<\/p>\n\n\n\n<p>25.\n3. 2019, od&nbsp;17 hod, SP\u0160,&nbsp; <strong>Plan\u00e9 rostliny k j\u00eddlu a jedl\u00e9 plevele<\/strong> <\/p>\n\n\n\n<p>Co se na ja\u0159e jako prvn\u00ed d\u00e1 sb\u00edrat a jak\u00e9 plan\u00e9\nrostliny m\u016f\u017eeme naj\u00edt a vyu\u017e\u00edt na na\u0161\u00ed zahrad\u011b a v&nbsp;jej\u00edm okol\u00ed. Jarn\u00ed\nbylinky \u2013 sb\u011br a zpracov\u00e1n\u00ed \u2013 tipy a recepty.&nbsp;\nCo m\u00e1 cenu na zahrad\u011b nechat samovoln\u011b r\u016fst a s&nbsp;jak\u00fdmi plevely\nbojovat. Zahradn\u00ed kultivary plan\u00fdch rostlin a jejich vyu\u017eit\u00ed. Indikace pH podle\nplan\u00fdch rostlin a jejich u\u017eite\u010dn\u00ed z\u00e1stupci.<\/p>\n\n\n\n<p>1.\n4. 2019, od&nbsp;17 hod, SP\u0160,&nbsp; <strong>St\u0159edomo\u0159sk\u00e9 bylinky<\/strong> <\/p>\n\n\n\n<p>St\u0159edomo\u0159sk\u00e9 teplomiln\u00e9 bylinky nejsou jen\nlevandulov\u00e9 pole v&nbsp;Provence a bobkov\u00fd list na va\u0159en\u00ed. Jak\u00e9 teplomiln\u00e9 a\nsuchomiln\u00e9 bylinky z&nbsp;jihu u n\u00e1s rostou a jak\u00e9 jej jejich vyu\u017eit\u00ed?\nSukulentn\u00ed l\u00e9\u010divky a kaktusy. Navr\u017een\u00ed v\u00fdsadby k&nbsp;celoro\u010dn\u00ed okrase zahrady,\nvhodn\u00e9 kombinace a p\u00e9\u010de o n\u011b.<\/p>\n\n\n\n<p>8.\n4. 2019, od&nbsp;17 hod, SP\u0160, <strong>Superfoods\nu n\u00e1s (exotick\u00e9 bylinky a potraviny na zahrad\u00e1ch)<\/strong> <\/p>\n\n\n\n<p>Plodiny zn\u00e1m\u00e9 pod pojmem superpotraviny pro sv\u016fj\nv\u00fdznamn\u00fd vliv na zdrav\u00ed. V\u011bt\u0161inou p\u016fvodem z&nbsp;exotick\u00fdch zem\u00ed. N\u011bkter\u00e9\nz&nbsp;nich se ale daj\u00ed s&nbsp;\u00fasp\u011bchem p\u011bstovat i u n\u00e1s. P\u0159edstaven\u00ed\nnejpopul\u00e1rn\u011bj\u0161\u00edch p\u0159edstavitel\u016f z&nbsp;\u0159ad na\u0161ich (drobn\u00e9 bobuloviny) a ciz\u00edch,\njako nap\u0159. goldenberries, goji, ginseng, maca, moru\u0161e, gotukola, jiaogulan,\nchia, schizandra, rakytn\u00edk a dal\u0161\u00ed.<\/p>\n\n\n\n<p>15.\n4. 2019, od&nbsp;17 hod, SP\u0160,&nbsp; <strong>Bylinky pom\u00e1haj\u00ed na zahrad\u011b<\/strong>&nbsp;<\/p>\n\n\n\n<p>Bylinn\u00e9 prepar\u00e1ty jako rostlinn\u00e1 hnojiva,\nekologick\u00e9 \u0161etrn\u00e9 post\u0159iky a ochrana proti \u0161k\u016fdc\u016fm, vhodn\u00e9 kombinace bylinek a\nzeleniny pro zlep\u0161en\u00ed r\u016fstu a ochranu, p\u0159\u00edrodn\u00ed zahrada a jej\u00ed principy.\nZahradni\u010den\u00ed podle p\u0159\u00edrodn\u00edch cykl\u016f a respekt k&nbsp;m\u00edst\u00edm druh\u016fm\nv&nbsp;p\u0159\u00edrod\u011b.<\/p>\n\n\n\n<p>29.\n4. 2019, od&nbsp;17 hod, SP\u0160<strong>,&nbsp; O\u010dista t\u011bla a du\u0161e (bylinky pom\u00e1haj\u00ed)<\/strong>&nbsp;<\/p>\n\n\n\n<p>V&nbsp;sou\u010dasn\u00e9 dob\u011b existuje \u0159ada l\u00e9\u010div\u00fdch bylin a\nko\u0159en\u00ed, kter\u00e9 se pou\u017e\u00edvaj\u00ed p\u0159i o\u010distn\u00fdch k\u016fr\u00e1ch, diet\u00e1ch a jin\u00fdch ozdravn\u00fdch\nprocedur\u00e1ch. Druhy dom\u00e1c\u00ed, ale zapomenut\u00e9, druhy dovezen\u00e9, p\u011bstovan\u00e9 u n\u00e1s.\nMo\u017enosti vyu\u017eit\u00ed a zpracov\u00e1n\u00ed, tipy na odleh\u010den\u00ed stravy pomoc\u00ed l\u00e9\u010div\u00e9 zeleniny.\nP\u0159ehled zp\u016fsob\u016f jak o\u010distit t\u011blo zevnit\u0159 i zven\u010d\u00ed pomoc\u00ed bylinek. <\/p>\n\n\n\n<p>13.\n5. 2019, od&nbsp;17 hod, SP\u0160,&nbsp; <strong>Bylinkov\u00fd workshop &#8211; V\u00fdroba bylinn\u00e9\nkosmetiky<\/strong><\/p>\n\n\n\n<p>Bylinkov\u00fd workshop &#8211; v\u00fdroba dom\u00e1c\u00ed kosmetiky\nspojen\u00e1 s&nbsp;kr\u00e1tkou p\u0159edn\u00e1\u0161kou o surovin\u00e1ch a dom\u00e1c\u00edm vyu\u017eit\u00ed bylin\nv&nbsp;kosmetice. Poslucha\u010di si mohou vyrobit r\u016fzn\u00e9 druhy p\u0159\u00edpravk\u016f dom\u00e1c\u00ed\nkosmetiky dozv\u011bd\u011bt se o v\u00fdrob\u011b dal\u0161\u00edch. Nap\u0159\u00edklad oleje, ple\u0165 vody, peelingy,\nmasti, kr\u00e9my, soli a m\u00fddla.&nbsp;<\/p>\n\n\n\n<p>20.\n5. 2019, od&nbsp;17 hod, SP\u0160,&nbsp; <strong>Balkon a terasa &#8211; zahrada bez zahrady<\/strong>&nbsp;<\/p>\n\n\n\n<p>Balkonov\u00e9 bylinky, vhodn\u011b zvolen\u00fd druh, mno\u017estv\u00ed,\np\u00e9\u010de. Um\u00edst\u011bn\u00ed a&nbsp;osazov\u00e1n\u00ed truhl\u00edk\u016f, m\u00edsto (ji\u017en\u00ed \u2013 severn\u00ed strana) st\u00edn,\npolost\u00edn, slunce. Podle toho pak vybereme vhodn\u00e9 bylinky. Vhodn\u00e9 kombinace\ns&nbsp;ostatn\u00edmi balkonov\u00fdmi. Balk\u00f3nov\u00e9 kv\u011btiny a vliv de\u0161t\u011b a\nv\u011btru.&nbsp;Zal\u00e9v\u00e1n\u00ed balkonov\u00fdch kv\u011btin. Trvalky a jejich p\u0159ezimov\u00e1n\u00ed\nv&nbsp;n\u00e1dob\u00e1ch, uk\u00e1zky v\u00fdsadby.<\/p>\n\n\n\n<p><strong>ZM\u011aNA\nPROGRAMU VYHRAZENA<\/strong><strong>!<\/strong><\/p>\n\n\n\n<figure class=\"wp-block-image\"><img loading=\"lazy\" decoding=\"async\" width=\"1024\" height=\"768\" src=\"https:\/\/www.clu3v.cz\/wp-content\/uploads\/2019\/03\/bylinky-1024x768.jpg\" alt=\"\" class=\"wp-image-208\" srcset=\"https:\/\/www.clu3v.cz\/wp-content\/uploads\/2019\/03\/bylinky-1024x768.jpg 1024w, https:\/\/www.clu3v.cz\/wp-content\/uploads\/2019\/03\/bylinky-300x225.jpg 300w, https:\/\/www.clu3v.cz\/wp-content\/uploads\/2019\/03\/bylinky-768x576.jpg 768w, https:\/\/www.clu3v.cz\/wp-content\/uploads\/2019\/03\/bylinky.jpg 1200w\" sizes=\"auto, (max-width: 767px) 89vw, (max-width: 1000px) 54vw, (max-width: 1071px) 543px, 580px\" \/><\/figure>\n","protected":false},"excerpt":{"rendered":"<p>(Ing. Kate\u0159ina \u0160imon, Ing. Zuzana Bukvi\u010dkov\u00e1) 11. 3. 2019, od 17 hod, SP\u0160, Zakl\u00e1d\u00e1me bylinkovou zahradu&nbsp; Mo\u017enosti p\u011bstov\u00e1n\u00ed bylinek \u2013 samostatn\u011b, ve sm\u00ed\u0161en\u00e9 kultu\u0159e, v&nbsp;n\u00e1dob\u00e1ch \u2013 doporu\u010den\u00e9 kombinace, vhodn\u00e9 slo\u017een\u00ed bylinkov\u00e9ho z\u00e1honu, tematick\u00e9 zahr\u00e1dky \u2013 bylinkov\u00e1 spir\u00e1la, st\u0159edomo\u0159sk\u00e1, horsk\u00e1, skalni\u010dkov\u00e1, st\u00ednomiln\u00e1, kl\u00e1\u0161tern\u00ed zahr\u00e1dka. Pap\u00edr a pastelky s&nbsp;sebou! Mo\u017enost navrhnout si vlastn\u00ed z\u00e1hon. 18. 3. 2019, &hellip; <\/p>\n<p class=\"link-more\"><a href=\"https:\/\/www.clu3v.cz\/index.php\/2019\/03\/13\/bylinky-nejen-pro-zahradniky\/\" class=\"more-link\">Pokra\u010dovat ve \u010dten\u00ed<span class=\"screen-reader-text\"> &#8222;Bylinky nejen pro zahradn\u00edky&#8220;<\/span><\/a><\/p>\n","protected":false},"author":1,"featured_media":0,"comment_status":"closed","ping_status":"open","sticky":false,"template":"","format":"standard","meta":{"footnotes":""},"categories":[34],"tags":[],"class_list":["post-207","post","type-post","status-publish","format-standard","hentry","category-past"],"_links":{"self":[{"href":"https:\/\/www.clu3v.cz\/index.php\/wp-json\/wp\/v2\/posts\/207","targetHints":{"allow":["GET"]}}],"collection":[{"href":"https:\/\/www.clu3v.cz\/index.php\/wp-json\/wp\/v2\/posts"}],"about":[{"href":"https:\/\/www.clu3v.cz\/index.php\/wp-json\/wp\/v2\/types\/post"}],"author":[{"embeddable":true,"href":"https:\/\/www.clu3v.cz\/index.php\/wp-json\/wp\/v2\/users\/1"}],"replies":[{"embeddable":true,"href":"https:\/\/www.clu3v.cz\/index.php\/wp-json\/wp\/v2\/comments?post=207"}],"version-history":[{"count":2,"href":"https:\/\/www.clu3v.cz\/index.php\/wp-json\/wp\/v2\/posts\/207\/revisions"}],"predecessor-version":[{"id":547,"href":"https:\/\/www.clu3v.cz\/index.php\/wp-json\/wp\/v2\/posts\/207\/revisions\/547"}],"wp:attachment":[{"href":"https:\/\/www.clu3v.cz\/index.php\/wp-json\/wp\/v2\/media?parent=207"}],"wp:term":[{"taxonomy":"category","embeddable":true,"href":"https:\/\/www.clu3v.cz\/index.php\/wp-json\/wp\/v2\/categories?post=207"},{"taxonomy":"post_tag","embeddable":true,"href":"https:\/\/www.clu3v.cz\/index.php\/wp-json\/wp\/v2\/tags?post=207"}],"curies":[{"name":"wp","href":"https:\/\/api.w.org\/{rel}","templated":true}]}}