{"id":198,"date":"2019-03-13T09:46:20","date_gmt":"2019-03-13T09:46:20","guid":{"rendered":"http:\/\/www.clu3v.cz\/?p=198"},"modified":"2022-06-05T09:23:34","modified_gmt":"2022-06-05T09:23:34","slug":"program-priroda-ceskolipska","status":"publish","type":"post","link":"https:\/\/www.clu3v.cz\/index.php\/2019\/03\/13\/program-priroda-ceskolipska\/","title":{"rendered":"\ufeffProgram P\u0158\u00cdRODA \u010cESKOLIPSKA"},"content":{"rendered":"\n<p>Vlastiv\u011bdn\u00e9 muzeum a galerie v \u010cesk\u00e9 L\u00edp\u011b<br><\/p>\n\n\n\n<p>14.\n3. 2019, od 15,30 hod &nbsp;&nbsp;&nbsp;&nbsp;&nbsp;&nbsp;&nbsp;&nbsp;&nbsp; <strong>Botanika<\/strong>&nbsp;<\/p>\n\n\n\n<ul class=\"wp-block-list\"><li>lektor Ing. Marta Knauerov\u00e1&nbsp; <\/li><li>\u00davodn\u00ed\nsezn\u00e1men\u00ed s&nbsp;Vlastiv\u011bdn\u00fdm muzeem a galeri\u00ed v&nbsp;\u010cesk\u00e9 L\u00edp\u011b<\/li><li>Chr\u00e1n\u011bn\u00e9 druhy rostlin\nv&nbsp;Libereck\u00e9m kraji \u2013 \u010ceskolipsko<\/li><li>L\u00e9\u010div\u00e9 byliny,\njejich p\u011bstov\u00e1n\u00ed, sb\u011br a vyu\u017eit\u00ed<\/li><\/ul>\n\n\n\n<p>20.\n3. 2019, od 15,30 hod &nbsp;&nbsp;&nbsp;&nbsp;&nbsp;&nbsp;&nbsp;&nbsp;&nbsp; <strong>Geologie\na mineralogie <\/strong>\u2013 <em>pozor\nst\u0159eda!<\/em><\/p>\n\n\n\n<ul class=\"wp-block-list\"><li>Lektor Petr\nMu\u017e\u00e1k<\/li><li>Ne\u017eiv\u00e1 p\u0159\u00edroda\na mo\u017enosti sb\u011bru miner\u00e1l\u016f na \u010ceskolipsku<\/li><\/ul>\n\n\n\n<p>&nbsp;28.\n3. 2019, od 15,30 hod &nbsp;&nbsp;&nbsp;&nbsp;&nbsp;&nbsp;&nbsp;&nbsp;&nbsp; <strong>Paleontologie<\/strong>\n<\/p>\n\n\n\n<ul class=\"wp-block-list\"><li>Lektor Petr\nMu\u017e\u00e1k<\/li><li>Fosiln\u00ed fauna a\nfl\u00f3ra nalezen\u00e1 na \u010ceskolipsku od druh\u00e9 poloviny 19. stolet\u00ed po sou\u010dasnost<\/li><\/ul>\n\n\n\n<p>&nbsp;4.\n4. 2019, od 15,30 hod&nbsp; &nbsp;&nbsp;&nbsp;&nbsp;&nbsp;&nbsp;&nbsp;&nbsp;&nbsp; <strong>Zoologie\nobratlovc\u016f I<\/strong><\/p>\n\n\n\n<ul class=\"wp-block-list\"><li>Lektor Ing.\nZden\u011bk Vit\u00e1\u010dek<\/li><li>Ryby,\noboj\u017eiveln\u00edci a plazi \u010ceskolipska \u2013 jak a kde \u017eij\u00ed a chr\u00e1n\u00edme je?<\/li><\/ul>\n\n\n\n<p>&nbsp;11.\n4. 2019, od 15,30 hod &nbsp;&nbsp;&nbsp;&nbsp;&nbsp;&nbsp;&nbsp;&nbsp;&nbsp; <strong>Zoologie\nobratlovc\u016f II <\/strong><\/p>\n\n\n\n<ul class=\"wp-block-list\"><li>Lektor Ing.\nZden\u011bk Vit\u00e1\u010dek<\/li><li>Pt\u00e1ci a savci \u010ceskolipska\n\u2013 jak a kde \u017eij\u00ed a chr\u00e1n\u00edme je?<\/li><\/ul>\n\n\n\n<p>&nbsp;25.\n4. 2019, od 15,30 hod &nbsp;&nbsp;&nbsp;&nbsp;&nbsp;&nbsp;&nbsp;&nbsp;&nbsp; <strong>Zoologie\nbezobratl\u00fdch I&nbsp;<\/strong><\/p>\n\n\n\n<ul class=\"wp-block-list\"><li>Lektor Bc.\nLuk\u00e1\u0161 Bla\u017eej<\/li><li>Entomologie\n\u010ceskolipska \u2013 spole\u010denstva biotop\u016f inici\u00e1ln\u00edch sukcesn\u00edch stadi\u00ed<\/li><\/ul>\n\n\n\n<p>&nbsp;2.\n5. 2019, od 15,30 hod&nbsp; &nbsp;&nbsp;&nbsp;&nbsp;&nbsp;&nbsp;&nbsp;&nbsp;&nbsp; <strong>Zoologie\nbezobratl\u00fdch II<\/strong><\/p>\n\n\n\n<ul class=\"wp-block-list\"><li>Lektor Bc.\nLuk\u00e1\u0161 Bla\u017eej<\/li><li>Entomologie\n\u010ceskolipska \u2013 d\u0159eviny mimo les <\/li><\/ul>\n\n\n\n<p style=\"text-align:left\"> 16. 5. 2019, od 15,30 hod &nbsp;&nbsp;&nbsp;&nbsp;&nbsp;&nbsp;&nbsp;&nbsp;&nbsp; <strong>Mykologie I<\/strong><\/p>\n\n\n\n<ul class=\"wp-block-list\"><li>Lektor Josef\nSlav\u00ed\u010dek<\/li><li>Houby\n\u010ceskolipska<\/li><\/ul>\n\n\n\n<p>23.\n5. 2019, od 15,30 hod &nbsp;&nbsp;&nbsp;&nbsp;&nbsp;&nbsp;&nbsp;&nbsp;&nbsp; <strong>Mykologie\nII<\/strong><\/p>\n\n\n\n<ul class=\"wp-block-list\"><li>Lektor Josef\nSlav\u00ed\u010dek<\/li><li>Houby\n\u010ceskolipska<\/li><\/ul>\n\n\n\n<p><strong>ZM\u011aNA PROGRAMU\nVYHRAZENA<\/strong><strong>!<\/strong><\/p>\n\n\n\n<figure class=\"wp-block-image\"><img loading=\"lazy\" decoding=\"async\" width=\"1024\" height=\"1024\" src=\"https:\/\/www.clu3v.cz\/wp-content\/uploads\/2019\/03\/p\u0159\u00edroda-1024x1024.jpg\" alt=\"\" class=\"wp-image-200\" srcset=\"https:\/\/www.clu3v.cz\/wp-content\/uploads\/2019\/03\/p\u0159\u00edroda-1024x1024.jpg 1024w, https:\/\/www.clu3v.cz\/wp-content\/uploads\/2019\/03\/p\u0159\u00edroda-150x150.jpg 150w, https:\/\/www.clu3v.cz\/wp-content\/uploads\/2019\/03\/p\u0159\u00edroda-300x300.jpg 300w, https:\/\/www.clu3v.cz\/wp-content\/uploads\/2019\/03\/p\u0159\u00edroda-768x768.jpg 768w, https:\/\/www.clu3v.cz\/wp-content\/uploads\/2019\/03\/p\u0159\u00edroda-100x100.jpg 100w, https:\/\/www.clu3v.cz\/wp-content\/uploads\/2019\/03\/p\u0159\u00edroda.jpg 1413w\" sizes=\"auto, (max-width: 767px) 89vw, (max-width: 1000px) 54vw, (max-width: 1071px) 543px, 580px\" \/><\/figure>\n","protected":false},"excerpt":{"rendered":"<p>Vlastiv\u011bdn\u00e9 muzeum a galerie v \u010cesk\u00e9 L\u00edp\u011b 14. 3. 2019, od 15,30 hod &nbsp;&nbsp;&nbsp;&nbsp;&nbsp;&nbsp;&nbsp;&nbsp;&nbsp; Botanika&nbsp; lektor Ing. Marta Knauerov\u00e1&nbsp; \u00davodn\u00ed sezn\u00e1men\u00ed s&nbsp;Vlastiv\u011bdn\u00fdm muzeem a galeri\u00ed v&nbsp;\u010cesk\u00e9 L\u00edp\u011b Chr\u00e1n\u011bn\u00e9 druhy rostlin v&nbsp;Libereck\u00e9m kraji \u2013 \u010ceskolipsko L\u00e9\u010div\u00e9 byliny, jejich p\u011bstov\u00e1n\u00ed, sb\u011br a vyu\u017eit\u00ed 20. 3. 2019, od 15,30 hod &nbsp;&nbsp;&nbsp;&nbsp;&nbsp;&nbsp;&nbsp;&nbsp;&nbsp; Geologie a mineralogie \u2013 pozor st\u0159eda! Lektor &hellip; <\/p>\n<p class=\"link-more\"><a href=\"https:\/\/www.clu3v.cz\/index.php\/2019\/03\/13\/program-priroda-ceskolipska\/\" class=\"more-link\">Pokra\u010dovat ve \u010dten\u00ed<span class=\"screen-reader-text\"> &#8222;\ufeffProgram P\u0158\u00cdRODA \u010cESKOLIPSKA&#8220;<\/span><\/a><\/p>\n","protected":false},"author":1,"featured_media":0,"comment_status":"closed","ping_status":"open","sticky":false,"template":"","format":"standard","meta":{"footnotes":""},"categories":[34],"tags":[],"class_list":["post-198","post","type-post","status-publish","format-standard","hentry","category-past"],"_links":{"self":[{"href":"https:\/\/www.clu3v.cz\/index.php\/wp-json\/wp\/v2\/posts\/198","targetHints":{"allow":["GET"]}}],"collection":[{"href":"https:\/\/www.clu3v.cz\/index.php\/wp-json\/wp\/v2\/posts"}],"about":[{"href":"https:\/\/www.clu3v.cz\/index.php\/wp-json\/wp\/v2\/types\/post"}],"author":[{"embeddable":true,"href":"https:\/\/www.clu3v.cz\/index.php\/wp-json\/wp\/v2\/users\/1"}],"replies":[{"embeddable":true,"href":"https:\/\/www.clu3v.cz\/index.php\/wp-json\/wp\/v2\/comments?post=198"}],"version-history":[{"count":3,"href":"https:\/\/www.clu3v.cz\/index.php\/wp-json\/wp\/v2\/posts\/198\/revisions"}],"predecessor-version":[{"id":203,"href":"https:\/\/www.clu3v.cz\/index.php\/wp-json\/wp\/v2\/posts\/198\/revisions\/203"}],"wp:attachment":[{"href":"https:\/\/www.clu3v.cz\/index.php\/wp-json\/wp\/v2\/media?parent=198"}],"wp:term":[{"taxonomy":"category","embeddable":true,"href":"https:\/\/www.clu3v.cz\/index.php\/wp-json\/wp\/v2\/categories?post=198"},{"taxonomy":"post_tag","embeddable":true,"href":"https:\/\/www.clu3v.cz\/index.php\/wp-json\/wp\/v2\/tags?post=198"}],"curies":[{"name":"wp","href":"https:\/\/api.w.org\/{rel}","templated":true}]}}