{"id":193,"date":"2019-03-13T09:38:58","date_gmt":"2019-03-13T09:38:58","guid":{"rendered":"http:\/\/www.clu3v.cz\/?p=193"},"modified":"2022-06-05T09:23:34","modified_gmt":"2022-06-05T09:23:34","slug":"jaro-2019-program","status":"publish","type":"post","link":"https:\/\/www.clu3v.cz\/index.php\/2019\/03\/13\/jaro-2019-program\/","title":{"rendered":"Jaro 2019 \u2013 PROGRAM"},"content":{"rendered":"\n<p><strong>St\u0159eda 3. 4. 2019 od 15,30 do 17,30 hod<\/strong><\/p>\n\n\n\n<p><strong>JARN\u00cd TVO\u0158EN\u00cd<\/strong> \u2013 nala\u010fte se\nna jaro a sv\u00e1tky jara \u2013 vyrobte si jarn\u00ed a velikono\u010dn\u00ed dekorace pod veden\u00edm\nlektorky Romany Rajchlov\u00e9 v&nbsp;j\u00eddeln\u011b domova ml\u00e1de\u017ee SP\u0160 v&nbsp;\u010cesk\u00e9 L\u00edp\u011b,\nHavl\u00ed\u010dkova 443 \u2013 <em>vstupn\u00e9 50 K\u010d a \u00fahrada za materi\u00e1l<\/em><\/p>\n\n\n\n<p><strong>Ned\u011ble 5. 5. 2019 sraz v&nbsp;9 hod u muzea \u2013 akce\nVMG<\/strong><\/p>\n\n\n\n<p><strong>V\u00edt\u00e1n\u00ed pta\u010d\u00edho\nzp\u011bvu<\/strong> \u2013 Vlastiv\u011bdn\u00e9 muzeum a galerie\nv&nbsp;\u010cesk\u00e9 L\u00edp\u011b V\u00e1s zve na spole\u010dnou vych\u00e1zku za pta\u010d\u00edm zp\u011bvem<\/p>\n\n\n\n<p><em>V\u00edce akc\u00ed a info na <\/em><a href=\"https:\/\/www.muzeumcl.cz\/ekoporadna.html\"><em>https:\/\/www.muzeumcl.cz\/ekoporadna.html<\/em><\/a><em><\/em><\/p>\n\n\n\n<p><strong>Pond\u011bl\u00ed 13. 5. 2019 \u2013 od 17 hod<\/strong><\/p>\n\n\n\n<p><strong>Bylinkov\u00fd\nworkshop \u2013 V\u00ddROBA BYLINN\u00c9 KOSMETIKY \u2013 <\/strong>lektorkyprogramu Bylinky nejen pro zahradn\u00edky organizuj\u00ed nejen pro sv\u00e9\nposlucha\u010de v\u00fdrobu r\u016fzn\u00fdch druh\u016f p\u0159\u00edpravk\u016f dom\u00e1c\u00ed kosmetiky s&nbsp;kr\u00e1tkou\np\u0159edn\u00e1\u0161kou o surovin\u00e1ch a vyu\u017eit\u00ed bylin v&nbsp;kosmetice \u2013 u\u010debna SP\u0160 1. patro\n&#8211;&nbsp; <em>vstupn\u00e9 100 K\u010d a \u00fahrada za materi\u00e1l<\/em><\/p>\n","protected":false},"excerpt":{"rendered":"<p>St\u0159eda 3. 4. 2019 od 15,30 do 17,30 hod JARN\u00cd TVO\u0158EN\u00cd \u2013 nala\u010fte se na jaro a sv\u00e1tky jara \u2013 vyrobte si jarn\u00ed a velikono\u010dn\u00ed dekorace pod veden\u00edm lektorky Romany Rajchlov\u00e9 v&nbsp;j\u00eddeln\u011b domova ml\u00e1de\u017ee SP\u0160 v&nbsp;\u010cesk\u00e9 L\u00edp\u011b, Havl\u00ed\u010dkova 443 \u2013 vstupn\u00e9 50 K\u010d a \u00fahrada za materi\u00e1l Ned\u011ble 5. 5. 2019 sraz v&nbsp;9 hod u &hellip; <\/p>\n<p class=\"link-more\"><a href=\"https:\/\/www.clu3v.cz\/index.php\/2019\/03\/13\/jaro-2019-program\/\" class=\"more-link\">Pokra\u010dovat ve \u010dten\u00ed<span class=\"screen-reader-text\"> &#8222;Jaro 2019 \u2013 PROGRAM&#8220;<\/span><\/a><\/p>\n","protected":false},"author":1,"featured_media":0,"comment_status":"closed","ping_status":"open","sticky":false,"template":"","format":"standard","meta":{"footnotes":""},"categories":[1],"tags":[],"class_list":["post-193","post","type-post","status-publish","format-standard","hentry","category-uncategorized"],"_links":{"self":[{"href":"https:\/\/www.clu3v.cz\/index.php\/wp-json\/wp\/v2\/posts\/193","targetHints":{"allow":["GET"]}}],"collection":[{"href":"https:\/\/www.clu3v.cz\/index.php\/wp-json\/wp\/v2\/posts"}],"about":[{"href":"https:\/\/www.clu3v.cz\/index.php\/wp-json\/wp\/v2\/types\/post"}],"author":[{"embeddable":true,"href":"https:\/\/www.clu3v.cz\/index.php\/wp-json\/wp\/v2\/users\/1"}],"replies":[{"embeddable":true,"href":"https:\/\/www.clu3v.cz\/index.php\/wp-json\/wp\/v2\/comments?post=193"}],"version-history":[{"count":1,"href":"https:\/\/www.clu3v.cz\/index.php\/wp-json\/wp\/v2\/posts\/193\/revisions"}],"predecessor-version":[{"id":194,"href":"https:\/\/www.clu3v.cz\/index.php\/wp-json\/wp\/v2\/posts\/193\/revisions\/194"}],"wp:attachment":[{"href":"https:\/\/www.clu3v.cz\/index.php\/wp-json\/wp\/v2\/media?parent=193"}],"wp:term":[{"taxonomy":"category","embeddable":true,"href":"https:\/\/www.clu3v.cz\/index.php\/wp-json\/wp\/v2\/categories?post=193"},{"taxonomy":"post_tag","embeddable":true,"href":"https:\/\/www.clu3v.cz\/index.php\/wp-json\/wp\/v2\/tags?post=193"}],"curies":[{"name":"wp","href":"https:\/\/api.w.org\/{rel}","templated":true}]}}