{"id":130,"date":"2019-03-12T11:21:19","date_gmt":"2019-03-12T11:21:19","guid":{"rendered":"http:\/\/www.clu3v.cz\/?p=130"},"modified":"2022-06-05T09:23:34","modified_gmt":"2022-06-05T09:23:34","slug":"ceskolipska-univerzita-3-veku-slavnostne-zahajila-jarni-kurzy","status":"publish","type":"post","link":"https:\/\/www.clu3v.cz\/index.php\/2019\/03\/12\/ceskolipska-univerzita-3-veku-slavnostne-zahajila-jarni-kurzy\/","title":{"rendered":"\ufeff\u010ceskolipsk\u00e1 univerzita 3. v\u011bku slavnostn\u011b zah\u00e1jila jarn\u00ed kurzy"},"content":{"rendered":"\n<figure class=\"wp-block-image\"><img loading=\"lazy\" decoding=\"async\" width=\"4608\" height=\"3456\" src=\"https:\/\/www.clu3v.cz\/wp-content\/uploads\/2019\/03\/IMG_20190311_153706.jpg\" alt=\"\" class=\"wp-image-131\" srcset=\"https:\/\/www.clu3v.cz\/wp-content\/uploads\/2019\/03\/IMG_20190311_153706.jpg 4608w, https:\/\/www.clu3v.cz\/wp-content\/uploads\/2019\/03\/IMG_20190311_153706-300x225.jpg 300w, https:\/\/www.clu3v.cz\/wp-content\/uploads\/2019\/03\/IMG_20190311_153706-768x576.jpg 768w, https:\/\/www.clu3v.cz\/wp-content\/uploads\/2019\/03\/IMG_20190311_153706-1024x768.jpg 1024w\" sizes=\"auto, (max-width: 767px) 89vw, (max-width: 1000px) 54vw, (max-width: 1071px) 543px, 580px\" \/><figcaption>Zah\u00e1jen\u00ed jarn\u00edch kurz\u016f<\/figcaption><\/figure>\n\n\n\n<p>Ve St\u0159edn\u00ed pr\u016fmyslov\u00e9 \u0161kole byl\nv&nbsp;pond\u011bl\u00ed 11. 3. 2019 odpoledne zah\u00e1jen jarn\u00ed program kurz\u016f \u010ceskolipsk\u00e9\nuniverzity 3. v\u011bku. Velk\u00fd po\u010det z\u00e1jemc\u016f uv\u00edtala za organiz\u00e1tory Milena\nNov\u00e1kov\u00e1, radn\u00ed m\u011bsta \u010cesk\u00e1 L\u00edpa Michal Prokop a \u0159editel Vlastiv\u011bdn\u00e9ho muzea a\ngalerie &nbsp;Zden\u011bk Vit\u00e1\u010dek. P\u0159\u00edtomn\u00e9\npozdravila i tajemnice m\u011bstsk\u00e9ho \u00fa\u0159adu Eva Barto\u0148ov\u00e1. Frekventanti byli\norganiz\u00e1tory p\u0159iv\u00edt\u00e1ni kyti\u010dkou.<\/p>\n\n\n\n<p>Jarn\u00ed program nab\u00edz\u00ed obl\u00edben\u00fd\npo\u010d\u00edta\u010dov\u00fd kurz, tentokr\u00e1t zam\u011b\u0159en\u00fd na \u00fapravu fotografi\u00ed a jejich bezpe\u010dn\u00e9\nsd\u00edlen\u00ed. Velk\u00fd z\u00e1jem je o v\u00fduku s&nbsp;workshopem zam\u011b\u0159enou na bylink\u00e1\u0159stv\u00ed.\nN\u011bkolik voln\u00fdch m\u00edst je ve velmi zaj\u00edmav\u00e9m kurzu P\u0159\u00edroda \u010ceskolipska, kter\u00fd je\npo\u0159\u00e1d\u00e1n pod z\u00e1\u0161titou Vlastiv\u011bdn\u00e9ho muzea &nbsp;a galerie v&nbsp;\u010cesk\u00e9 L\u00edp\u011b s&nbsp;jejich\nodborn\u00fdmi lektory i v&nbsp;prostoru muzea. \u00da\u010dastn\u00edky provede botanikou,\ngeologi\u00ed, zoologi\u00ed i tolik obl\u00edbenou mykologi\u00ed, v\u0161e je zam\u011b\u0159eno pr\u00e1v\u011b na sv\u016fj\nv\u00fdskyt v&nbsp;na\u0161em regionu. Pan \u0159editel Vit\u00e1\u010dek p\u0159isl\u00edbil i bli\u017e\u0161\u00ed informace o\nv\u00fdskytu vlk\u016f a \u0161akal\u016f v&nbsp;na\u0161em regionu.<\/p>\n\n\n\n<p>Kurzy jsou otev\u0159en\u00e9 v\u0161em se z\u00e1jmem o vzd\u011bl\u00e1v\u00e1n\u00ed. Bli\u017e\u0161\u00ed informace na telefonu 774\u00a0417\u00a0980, \u010di e-mail: <a href=\"mailto:clu3v@seznam.cz\">clu3v@seznam.cz<\/a><\/p>\n\n\n\n<p><\/p>\n","protected":false},"excerpt":{"rendered":"<p>Ve St\u0159edn\u00ed pr\u016fmyslov\u00e9 \u0161kole byl v&nbsp;pond\u011bl\u00ed 11. 3. 2019 odpoledne zah\u00e1jen jarn\u00ed program kurz\u016f \u010ceskolipsk\u00e9 univerzity 3. v\u011bku. Velk\u00fd po\u010det z\u00e1jemc\u016f uv\u00edtala za organiz\u00e1tory Milena Nov\u00e1kov\u00e1, radn\u00ed m\u011bsta \u010cesk\u00e1 L\u00edpa Michal Prokop a \u0159editel Vlastiv\u011bdn\u00e9ho muzea a galerie &nbsp;Zden\u011bk Vit\u00e1\u010dek. P\u0159\u00edtomn\u00e9 pozdravila i tajemnice m\u011bstsk\u00e9ho \u00fa\u0159adu Eva Barto\u0148ov\u00e1. Frekventanti byli organiz\u00e1tory p\u0159iv\u00edt\u00e1ni kyti\u010dkou. Jarn\u00ed program &hellip; <\/p>\n<p class=\"link-more\"><a href=\"https:\/\/www.clu3v.cz\/index.php\/2019\/03\/12\/ceskolipska-univerzita-3-veku-slavnostne-zahajila-jarni-kurzy\/\" class=\"more-link\">Pokra\u010dovat ve \u010dten\u00ed<span class=\"screen-reader-text\"> &#8222;\ufeff\u010ceskolipsk\u00e1 univerzita 3. v\u011bku slavnostn\u011b zah\u00e1jila jarn\u00ed kurzy&#8220;<\/span><\/a><\/p>\n","protected":false},"author":1,"featured_media":0,"comment_status":"closed","ping_status":"open","sticky":false,"template":"","format":"standard","meta":{"footnotes":""},"categories":[7,1],"tags":[],"class_list":["post-130","post","type-post","status-publish","format-standard","hentry","category-tiskove-zpravy","category-uncategorized"],"_links":{"self":[{"href":"https:\/\/www.clu3v.cz\/index.php\/wp-json\/wp\/v2\/posts\/130","targetHints":{"allow":["GET"]}}],"collection":[{"href":"https:\/\/www.clu3v.cz\/index.php\/wp-json\/wp\/v2\/posts"}],"about":[{"href":"https:\/\/www.clu3v.cz\/index.php\/wp-json\/wp\/v2\/types\/post"}],"author":[{"embeddable":true,"href":"https:\/\/www.clu3v.cz\/index.php\/wp-json\/wp\/v2\/users\/1"}],"replies":[{"embeddable":true,"href":"https:\/\/www.clu3v.cz\/index.php\/wp-json\/wp\/v2\/comments?post=130"}],"version-history":[{"count":3,"href":"https:\/\/www.clu3v.cz\/index.php\/wp-json\/wp\/v2\/posts\/130\/revisions"}],"predecessor-version":[{"id":185,"href":"https:\/\/www.clu3v.cz\/index.php\/wp-json\/wp\/v2\/posts\/130\/revisions\/185"}],"wp:attachment":[{"href":"https:\/\/www.clu3v.cz\/index.php\/wp-json\/wp\/v2\/media?parent=130"}],"wp:term":[{"taxonomy":"category","embeddable":true,"href":"https:\/\/www.clu3v.cz\/index.php\/wp-json\/wp\/v2\/categories?post=130"},{"taxonomy":"post_tag","embeddable":true,"href":"https:\/\/www.clu3v.cz\/index.php\/wp-json\/wp\/v2\/tags?post=130"}],"curies":[{"name":"wp","href":"https:\/\/api.w.org\/{rel}","templated":true}]}}