{"id":1051,"date":"2024-08-13T10:22:35","date_gmt":"2024-08-13T08:22:35","guid":{"rendered":"https:\/\/www.clu3v.cz\/?p=1051"},"modified":"2024-08-13T10:22:36","modified_gmt":"2024-08-13T08:22:36","slug":"vylet-na-teplicko-dne-6-6-2024","status":"publish","type":"post","link":"https:\/\/www.clu3v.cz\/index.php\/2024\/08\/13\/vylet-na-teplicko-dne-6-6-2024\/","title":{"rendered":"V\u00fdlet na Teplicko dne 6. 6. 2024"},"content":{"rendered":"\n<p>Tak kone\u010dn\u011b se v\u00fdlet zda\u0159il, a\u010d n\u00e1m ho neust\u00e1le kazil n\u011bjak\u00fd zl\u00fd \u0161otek. Nejd\u0159\u00edve  jsme si vl\u00e1\u010dkem na kole\u010dk\u00e1ch projeli okru\u017en\u00ed j\u00edzdu centrem Teplic. N\u00e1sledn\u011b jsme si prohl\u00e9dli D\u016fm porcel\u00e1nu s modrou krv\u00ed v Dub\u00ed,  nav\u0161t\u00edvili podnikovou prodejnu, a pak se vydali na dobr\u00fd ob\u011bd do m\u00edstn\u00ed restaurace. Autobus n\u00e1s vyvezl na n\u00e1dra\u017e\u00ed, kde jsme si chvilku po\u010dkali na vl\u00e1\u010dek, kter\u00fdm jsme absolvovali kr\u00e1snou trasu s v\u00fdhledy Teplick\u00fdm semmeringem.  Po kr\u00e1tk\u00e9 proch\u00e1zce na Moldav\u011b n\u00e1s vl\u00e1\u010dek odvezl a\u017e do Mostu a zde jsme v\u00fdlet zakon\u010dili dobrou zmrzlinou \u010di dort\u00edky. Po\u010das\u00ed n\u00e1m jako &#8222;t\u00e9m\u011b\u0159! v\u017edy&#8220; p\u0159\u00e1lo.<\/p>\n\n\n\n<figure class=\"wp-block-image size-large is-style-default\"><img loading=\"lazy\" decoding=\"async\" width=\"768\" height=\"1024\" src=\"https:\/\/www.clu3v.cz\/wp-content\/uploads\/2024\/08\/1.-Teplicke-namesti-768x1024.jpg\" alt=\"\" class=\"wp-image-1052\" srcset=\"https:\/\/www.clu3v.cz\/wp-content\/uploads\/2024\/08\/1.-Teplicke-namesti-768x1024.jpg 768w, https:\/\/www.clu3v.cz\/wp-content\/uploads\/2024\/08\/1.-Teplicke-namesti-225x300.jpg 225w, https:\/\/www.clu3v.cz\/wp-content\/uploads\/2024\/08\/1.-Teplicke-namesti-1152x1536.jpg 1152w, https:\/\/www.clu3v.cz\/wp-content\/uploads\/2024\/08\/1.-Teplicke-namesti-1536x2048.jpg 1536w, https:\/\/www.clu3v.cz\/wp-content\/uploads\/2024\/08\/1.-Teplicke-namesti-scaled.jpg 1920w\" sizes=\"auto, (max-width: 767px) 89vw, (max-width: 1000px) 54vw, (max-width: 1071px) 543px, 580px\" \/><\/figure>\n\n\n\n<p>Teplick\u00e9 n\u00e1m\u011bst\u00ed<\/p>\n\n\n\n<figure class=\"wp-block-image size-large\"><img loading=\"lazy\" decoding=\"async\" width=\"1024\" height=\"768\" src=\"https:\/\/www.clu3v.cz\/wp-content\/uploads\/2024\/08\/2.-Okruzni-jizda-vlackem-1024x768.jpg\" alt=\"\" class=\"wp-image-1053\" srcset=\"https:\/\/www.clu3v.cz\/wp-content\/uploads\/2024\/08\/2.-Okruzni-jizda-vlackem-1024x768.jpg 1024w, https:\/\/www.clu3v.cz\/wp-content\/uploads\/2024\/08\/2.-Okruzni-jizda-vlackem-300x225.jpg 300w, https:\/\/www.clu3v.cz\/wp-content\/uploads\/2024\/08\/2.-Okruzni-jizda-vlackem-768x576.jpg 768w, https:\/\/www.clu3v.cz\/wp-content\/uploads\/2024\/08\/2.-Okruzni-jizda-vlackem-1536x1152.jpg 1536w, https:\/\/www.clu3v.cz\/wp-content\/uploads\/2024\/08\/2.-Okruzni-jizda-vlackem-2048x1536.jpg 2048w\" sizes=\"auto, (max-width: 767px) 89vw, (max-width: 1000px) 54vw, (max-width: 1071px) 543px, 580px\" \/><\/figure>\n\n\n\n<figure class=\"wp-block-image size-large\"><img loading=\"lazy\" decoding=\"async\" width=\"1024\" height=\"768\" src=\"https:\/\/www.clu3v.cz\/wp-content\/uploads\/2024\/08\/3.-Prohlidka-muzea-porcelanu-1024x768.jpg\" alt=\"\" class=\"wp-image-1054\" srcset=\"https:\/\/www.clu3v.cz\/wp-content\/uploads\/2024\/08\/3.-Prohlidka-muzea-porcelanu-1024x768.jpg 1024w, https:\/\/www.clu3v.cz\/wp-content\/uploads\/2024\/08\/3.-Prohlidka-muzea-porcelanu-300x225.jpg 300w, https:\/\/www.clu3v.cz\/wp-content\/uploads\/2024\/08\/3.-Prohlidka-muzea-porcelanu-768x576.jpg 768w, https:\/\/www.clu3v.cz\/wp-content\/uploads\/2024\/08\/3.-Prohlidka-muzea-porcelanu-1536x1152.jpg 1536w, https:\/\/www.clu3v.cz\/wp-content\/uploads\/2024\/08\/3.-Prohlidka-muzea-porcelanu-2048x1536.jpg 2048w\" sizes=\"auto, (max-width: 767px) 89vw, (max-width: 1000px) 54vw, (max-width: 1071px) 543px, 580px\" \/><\/figure>\n\n\n\n<figure class=\"wp-block-image size-large\"><img loading=\"lazy\" decoding=\"async\" width=\"1024\" height=\"768\" src=\"https:\/\/www.clu3v.cz\/wp-content\/uploads\/2024\/08\/4.-Cekani-na-vlak-1024x768.jpg\" alt=\"\" class=\"wp-image-1055\" srcset=\"https:\/\/www.clu3v.cz\/wp-content\/uploads\/2024\/08\/4.-Cekani-na-vlak-1024x768.jpg 1024w, https:\/\/www.clu3v.cz\/wp-content\/uploads\/2024\/08\/4.-Cekani-na-vlak-300x225.jpg 300w, https:\/\/www.clu3v.cz\/wp-content\/uploads\/2024\/08\/4.-Cekani-na-vlak-768x576.jpg 768w, https:\/\/www.clu3v.cz\/wp-content\/uploads\/2024\/08\/4.-Cekani-na-vlak-1536x1152.jpg 1536w, https:\/\/www.clu3v.cz\/wp-content\/uploads\/2024\/08\/4.-Cekani-na-vlak-2048x1536.jpg 2048w\" sizes=\"auto, (max-width: 767px) 89vw, (max-width: 1000px) 54vw, (max-width: 1071px) 543px, 580px\" \/><\/figure>\n\n\n\n<figure class=\"wp-block-image size-large\"><img loading=\"lazy\" decoding=\"async\" width=\"1024\" height=\"768\" src=\"https:\/\/www.clu3v.cz\/wp-content\/uploads\/2024\/08\/6-1024x768.jpg\" alt=\"\" class=\"wp-image-1056\" srcset=\"https:\/\/www.clu3v.cz\/wp-content\/uploads\/2024\/08\/6-1024x768.jpg 1024w, https:\/\/www.clu3v.cz\/wp-content\/uploads\/2024\/08\/6-300x225.jpg 300w, https:\/\/www.clu3v.cz\/wp-content\/uploads\/2024\/08\/6-768x576.jpg 768w, https:\/\/www.clu3v.cz\/wp-content\/uploads\/2024\/08\/6-1536x1152.jpg 1536w, https:\/\/www.clu3v.cz\/wp-content\/uploads\/2024\/08\/6-2048x1536.jpg 2048w\" sizes=\"auto, (max-width: 767px) 89vw, (max-width: 1000px) 54vw, (max-width: 1071px) 543px, 580px\" \/><\/figure>\n\n\n\n<figure class=\"wp-block-image size-large\"><img loading=\"lazy\" decoding=\"async\" width=\"768\" height=\"1024\" src=\"https:\/\/www.clu3v.cz\/wp-content\/uploads\/2024\/08\/7.-Prochazka-na-Moldave-768x1024.jpg\" alt=\"\" class=\"wp-image-1057\" srcset=\"https:\/\/www.clu3v.cz\/wp-content\/uploads\/2024\/08\/7.-Prochazka-na-Moldave-768x1024.jpg 768w, https:\/\/www.clu3v.cz\/wp-content\/uploads\/2024\/08\/7.-Prochazka-na-Moldave-225x300.jpg 225w, https:\/\/www.clu3v.cz\/wp-content\/uploads\/2024\/08\/7.-Prochazka-na-Moldave-1152x1536.jpg 1152w, https:\/\/www.clu3v.cz\/wp-content\/uploads\/2024\/08\/7.-Prochazka-na-Moldave-1536x2048.jpg 1536w, https:\/\/www.clu3v.cz\/wp-content\/uploads\/2024\/08\/7.-Prochazka-na-Moldave-scaled.jpg 1920w\" sizes=\"auto, (max-width: 767px) 89vw, (max-width: 1000px) 54vw, (max-width: 1071px) 543px, 580px\" \/><\/figure>\n","protected":false},"excerpt":{"rendered":"<p>Tak kone\u010dn\u011b se v\u00fdlet zda\u0159il, a\u010d n\u00e1m ho neust\u00e1le kazil n\u011bjak\u00fd zl\u00fd \u0161otek. Nejd\u0159\u00edve jsme si vl\u00e1\u010dkem na kole\u010dk\u00e1ch projeli okru\u017en\u00ed j\u00edzdu centrem Teplic. N\u00e1sledn\u011b jsme si prohl\u00e9dli D\u016fm porcel\u00e1nu s modrou krv\u00ed v Dub\u00ed, nav\u0161t\u00edvili podnikovou prodejnu, a pak se vydali na dobr\u00fd ob\u011bd do m\u00edstn\u00ed restaurace. Autobus n\u00e1s vyvezl na n\u00e1dra\u017e\u00ed, kde jsme &hellip; <\/p>\n<p class=\"link-more\"><a href=\"https:\/\/www.clu3v.cz\/index.php\/2024\/08\/13\/vylet-na-teplicko-dne-6-6-2024\/\" class=\"more-link\">Pokra\u010dovat ve \u010dten\u00ed<span class=\"screen-reader-text\"> &#8222;V\u00fdlet na Teplicko dne 6. 6. 2024&#8220;<\/span><\/a><\/p>\n","protected":false},"author":1,"featured_media":0,"comment_status":"closed","ping_status":"closed","sticky":false,"template":"","format":"standard","meta":{"footnotes":""},"categories":[59,12,40],"tags":[],"class_list":["post-1051","post","type-post","status-publish","format-standard","hentry","category-foto-z-vyletu","category-fotogalerie","category-vylety"],"_links":{"self":[{"href":"https:\/\/www.clu3v.cz\/index.php\/wp-json\/wp\/v2\/posts\/1051","targetHints":{"allow":["GET"]}}],"collection":[{"href":"https:\/\/www.clu3v.cz\/index.php\/wp-json\/wp\/v2\/posts"}],"about":[{"href":"https:\/\/www.clu3v.cz\/index.php\/wp-json\/wp\/v2\/types\/post"}],"author":[{"embeddable":true,"href":"https:\/\/www.clu3v.cz\/index.php\/wp-json\/wp\/v2\/users\/1"}],"replies":[{"embeddable":true,"href":"https:\/\/www.clu3v.cz\/index.php\/wp-json\/wp\/v2\/comments?post=1051"}],"version-history":[{"count":1,"href":"https:\/\/www.clu3v.cz\/index.php\/wp-json\/wp\/v2\/posts\/1051\/revisions"}],"predecessor-version":[{"id":1058,"href":"https:\/\/www.clu3v.cz\/index.php\/wp-json\/wp\/v2\/posts\/1051\/revisions\/1058"}],"wp:attachment":[{"href":"https:\/\/www.clu3v.cz\/index.php\/wp-json\/wp\/v2\/media?parent=1051"}],"wp:term":[{"taxonomy":"category","embeddable":true,"href":"https:\/\/www.clu3v.cz\/index.php\/wp-json\/wp\/v2\/categories?post=1051"},{"taxonomy":"post_tag","embeddable":true,"href":"https:\/\/www.clu3v.cz\/index.php\/wp-json\/wp\/v2\/tags?post=1051"}],"curies":[{"name":"wp","href":"https:\/\/api.w.org\/{rel}","templated":true}]}}