{"id":1022,"date":"2024-06-03T11:42:45","date_gmt":"2024-06-03T09:42:45","guid":{"rendered":"https:\/\/www.clu3v.cz\/?p=1022"},"modified":"2024-06-03T11:42:46","modified_gmt":"2024-06-03T09:42:46","slug":"vzpominka-na-pardubice","status":"publish","type":"post","link":"https:\/\/www.clu3v.cz\/index.php\/2024\/06\/03\/vzpominka-na-pardubice\/","title":{"rendered":"Vzpom\u00ednka na Pardubice"},"content":{"rendered":"\n<p>Ve \u010dtvrtek 25. dubna 2024 jsme spole\u010dn\u011b nav\u0161t\u00edvili Pern\u00edkovou chaloupku po hradem Kun\u011btick\u00e1 Hora. Prohl\u00e9dli jsme si n\u00e1dhern\u00e9 v\u00fdtvory \u0161ikovn\u00fdch pern\u00edk\u00e1\u0159\u016f a poslechli zaj\u00edmavosti o po\u010d\u00e1tc\u00edch v\u00fdroby pern\u00edku v \u010cech\u00e1ch. Pot\u00e9 n\u00e1s vl\u00e1\u010dek vyvezl na prudk\u00fd kopec, kde jsme prozkoumali hrad Kun\u011btickou Horu. Po dobr\u00e9m ob\u011bd\u011b jsme se vydali do centra Pardubic. \u0160ikovn\u00ed pr\u016fvodci n\u00e1s sezn\u00e1mili s histori\u00ed Pardubic a provedli n\u00e1s zaj\u00edmav\u00fdmi z\u00e1kout\u00edmi historick\u00e9ho centra. Byla sice trochu zima a v\u011btrno, ale p\u0159esto se v\u00fdlet zda\u0159il.<\/p>\n\n\n\n<figure class=\"wp-block-image size-large\"><img loading=\"lazy\" decoding=\"async\" width=\"1024\" height=\"768\" src=\"https:\/\/www.clu3v.cz\/wp-content\/uploads\/2024\/06\/IMG_7455-1024x768.jpg\" alt=\"\" class=\"wp-image-1023\" srcset=\"https:\/\/www.clu3v.cz\/wp-content\/uploads\/2024\/06\/IMG_7455-1024x768.jpg 1024w, https:\/\/www.clu3v.cz\/wp-content\/uploads\/2024\/06\/IMG_7455-300x225.jpg 300w, https:\/\/www.clu3v.cz\/wp-content\/uploads\/2024\/06\/IMG_7455-768x576.jpg 768w, https:\/\/www.clu3v.cz\/wp-content\/uploads\/2024\/06\/IMG_7455-1536x1152.jpg 1536w, https:\/\/www.clu3v.cz\/wp-content\/uploads\/2024\/06\/IMG_7455-rotated.jpg 2016w\" sizes=\"auto, (max-width: 767px) 89vw, (max-width: 1000px) 54vw, (max-width: 1071px) 543px, 580px\" \/><\/figure>\n\n\n\n<figure class=\"wp-block-image size-large\"><img loading=\"lazy\" decoding=\"async\" width=\"768\" height=\"1024\" src=\"https:\/\/www.clu3v.cz\/wp-content\/uploads\/2024\/06\/IMG_7459-768x1024.jpg\" alt=\"\" class=\"wp-image-1024\" srcset=\"https:\/\/www.clu3v.cz\/wp-content\/uploads\/2024\/06\/IMG_7459-768x1024.jpg 768w, https:\/\/www.clu3v.cz\/wp-content\/uploads\/2024\/06\/IMG_7459-225x300.jpg 225w, https:\/\/www.clu3v.cz\/wp-content\/uploads\/2024\/06\/IMG_7459-1152x1536.jpg 1152w, https:\/\/www.clu3v.cz\/wp-content\/uploads\/2024\/06\/IMG_7459-rotated.jpg 1512w\" sizes=\"auto, (max-width: 767px) 89vw, (max-width: 1000px) 54vw, (max-width: 1071px) 543px, 580px\" \/><\/figure>\n\n\n\n<figure class=\"wp-block-image size-large\"><img loading=\"lazy\" decoding=\"async\" width=\"768\" height=\"1024\" src=\"https:\/\/www.clu3v.cz\/wp-content\/uploads\/2024\/06\/IMG_7463-768x1024.jpg\" alt=\"\" class=\"wp-image-1025\" srcset=\"https:\/\/www.clu3v.cz\/wp-content\/uploads\/2024\/06\/IMG_7463-768x1024.jpg 768w, https:\/\/www.clu3v.cz\/wp-content\/uploads\/2024\/06\/IMG_7463-225x300.jpg 225w, https:\/\/www.clu3v.cz\/wp-content\/uploads\/2024\/06\/IMG_7463-1152x1536.jpg 1152w, https:\/\/www.clu3v.cz\/wp-content\/uploads\/2024\/06\/IMG_7463-rotated.jpg 1512w\" sizes=\"auto, (max-width: 767px) 89vw, (max-width: 1000px) 54vw, (max-width: 1071px) 543px, 580px\" \/><\/figure>\n\n\n\n<figure class=\"wp-block-image size-large is-resized\"><img loading=\"lazy\" decoding=\"async\" width=\"1024\" height=\"768\" src=\"https:\/\/www.clu3v.cz\/wp-content\/uploads\/2024\/06\/IMG_7466-1024x768.jpg\" alt=\"\" class=\"wp-image-1026\" style=\"width:675px;height:auto\" srcset=\"https:\/\/www.clu3v.cz\/wp-content\/uploads\/2024\/06\/IMG_7466-1024x768.jpg 1024w, https:\/\/www.clu3v.cz\/wp-content\/uploads\/2024\/06\/IMG_7466-300x225.jpg 300w, https:\/\/www.clu3v.cz\/wp-content\/uploads\/2024\/06\/IMG_7466-768x576.jpg 768w, https:\/\/www.clu3v.cz\/wp-content\/uploads\/2024\/06\/IMG_7466-1536x1152.jpg 1536w, https:\/\/www.clu3v.cz\/wp-content\/uploads\/2024\/06\/IMG_7466-rotated.jpg 2016w\" sizes=\"auto, (max-width: 767px) 89vw, (max-width: 1000px) 54vw, (max-width: 1071px) 543px, 580px\" \/><\/figure>\n\n\n\n<figure class=\"wp-block-gallery has-nested-images columns-default is-cropped wp-block-gallery-1 is-layout-flex wp-block-gallery-is-layout-flex\">\n<figure class=\"wp-block-image size-large\"><img loading=\"lazy\" decoding=\"async\" width=\"768\" height=\"1024\" data-id=\"1027\" src=\"https:\/\/www.clu3v.cz\/wp-content\/uploads\/2024\/06\/IMG_7474-768x1024.jpg\" alt=\"\" class=\"wp-image-1027\" srcset=\"https:\/\/www.clu3v.cz\/wp-content\/uploads\/2024\/06\/IMG_7474-768x1024.jpg 768w, https:\/\/www.clu3v.cz\/wp-content\/uploads\/2024\/06\/IMG_7474-225x300.jpg 225w, https:\/\/www.clu3v.cz\/wp-content\/uploads\/2024\/06\/IMG_7474-1152x1536.jpg 1152w, https:\/\/www.clu3v.cz\/wp-content\/uploads\/2024\/06\/IMG_7474-rotated.jpg 1512w\" sizes=\"auto, (max-width: 767px) 89vw, (max-width: 1000px) 54vw, (max-width: 1071px) 543px, 580px\" \/><figcaption class=\"wp-element-caption\">Kun\u011btick\u00e1 Hora<\/figcaption><\/figure>\n<\/figure>\n\n\n\n<figure class=\"wp-block-image size-large\"><img loading=\"lazy\" decoding=\"async\" width=\"768\" height=\"1024\" src=\"https:\/\/www.clu3v.cz\/wp-content\/uploads\/2024\/06\/IMG_7478-768x1024.jpg\" alt=\"\" class=\"wp-image-1029\" srcset=\"https:\/\/www.clu3v.cz\/wp-content\/uploads\/2024\/06\/IMG_7478-768x1024.jpg 768w, https:\/\/www.clu3v.cz\/wp-content\/uploads\/2024\/06\/IMG_7478-225x300.jpg 225w, https:\/\/www.clu3v.cz\/wp-content\/uploads\/2024\/06\/IMG_7478-1152x1536.jpg 1152w, https:\/\/www.clu3v.cz\/wp-content\/uploads\/2024\/06\/IMG_7478-rotated.jpg 1512w\" sizes=\"auto, (max-width: 767px) 89vw, (max-width: 1000px) 54vw, (max-width: 1071px) 543px, 580px\" \/><figcaption class=\"wp-element-caption\">Zelen\u00e1 br\u00e1na<\/figcaption><\/figure>\n\n\n\n<figure class=\"wp-block-image size-large\"><img loading=\"lazy\" decoding=\"async\" width=\"1024\" height=\"768\" src=\"https:\/\/www.clu3v.cz\/wp-content\/uploads\/2024\/06\/IMG_7487-1024x768.jpg\" alt=\"\" class=\"wp-image-1030\" srcset=\"https:\/\/www.clu3v.cz\/wp-content\/uploads\/2024\/06\/IMG_7487-1024x768.jpg 1024w, https:\/\/www.clu3v.cz\/wp-content\/uploads\/2024\/06\/IMG_7487-300x225.jpg 300w, https:\/\/www.clu3v.cz\/wp-content\/uploads\/2024\/06\/IMG_7487-768x576.jpg 768w, https:\/\/www.clu3v.cz\/wp-content\/uploads\/2024\/06\/IMG_7487-1536x1152.jpg 1536w, https:\/\/www.clu3v.cz\/wp-content\/uploads\/2024\/06\/IMG_7487-rotated.jpg 2016w\" sizes=\"auto, (max-width: 767px) 89vw, (max-width: 1000px) 54vw, (max-width: 1071px) 543px, 580px\" \/><\/figure>\n\n\n\n<figure class=\"wp-block-image size-large\"><img loading=\"lazy\" decoding=\"async\" width=\"1024\" height=\"768\" src=\"https:\/\/www.clu3v.cz\/wp-content\/uploads\/2024\/06\/IMG_7491-1024x768.jpg\" alt=\"\" class=\"wp-image-1031\" srcset=\"https:\/\/www.clu3v.cz\/wp-content\/uploads\/2024\/06\/IMG_7491-1024x768.jpg 1024w, https:\/\/www.clu3v.cz\/wp-content\/uploads\/2024\/06\/IMG_7491-300x225.jpg 300w, https:\/\/www.clu3v.cz\/wp-content\/uploads\/2024\/06\/IMG_7491-768x576.jpg 768w, https:\/\/www.clu3v.cz\/wp-content\/uploads\/2024\/06\/IMG_7491-1536x1152.jpg 1536w, https:\/\/www.clu3v.cz\/wp-content\/uploads\/2024\/06\/IMG_7491-rotated.jpg 2016w\" sizes=\"auto, (max-width: 767px) 89vw, (max-width: 1000px) 54vw, (max-width: 1071px) 543px, 580px\" \/><figcaption class=\"wp-element-caption\">Pardubick\u00fd z\u00e1mek<\/figcaption><\/figure>\n","protected":false},"excerpt":{"rendered":"<p>Ve \u010dtvrtek 25. dubna 2024 jsme spole\u010dn\u011b nav\u0161t\u00edvili Pern\u00edkovou chaloupku po hradem Kun\u011btick\u00e1 Hora. Prohl\u00e9dli jsme si n\u00e1dhern\u00e9 v\u00fdtvory \u0161ikovn\u00fdch pern\u00edk\u00e1\u0159\u016f a poslechli zaj\u00edmavosti o po\u010d\u00e1tc\u00edch v\u00fdroby pern\u00edku v \u010cech\u00e1ch. Pot\u00e9 n\u00e1s vl\u00e1\u010dek vyvezl na prudk\u00fd kopec, kde jsme prozkoumali hrad Kun\u011btickou Horu. Po dobr\u00e9m ob\u011bd\u011b jsme se vydali do centra Pardubic. \u0160ikovn\u00ed pr\u016fvodci n\u00e1s &hellip; <\/p>\n<p class=\"link-more\"><a href=\"https:\/\/www.clu3v.cz\/index.php\/2024\/06\/03\/vzpominka-na-pardubice\/\" class=\"more-link\">Pokra\u010dovat ve \u010dten\u00ed<span class=\"screen-reader-text\"> &#8222;Vzpom\u00ednka na Pardubice&#8220;<\/span><\/a><\/p>\n","protected":false},"author":1,"featured_media":0,"comment_status":"closed","ping_status":"closed","sticky":false,"template":"","format":"standard","meta":{"footnotes":""},"categories":[14,12,40],"tags":[],"class_list":["post-1022","post","type-post","status-publish","format-standard","hentry","category-aktualne","category-fotogalerie","category-vylety"],"_links":{"self":[{"href":"https:\/\/www.clu3v.cz\/index.php\/wp-json\/wp\/v2\/posts\/1022","targetHints":{"allow":["GET"]}}],"collection":[{"href":"https:\/\/www.clu3v.cz\/index.php\/wp-json\/wp\/v2\/posts"}],"about":[{"href":"https:\/\/www.clu3v.cz\/index.php\/wp-json\/wp\/v2\/types\/post"}],"author":[{"embeddable":true,"href":"https:\/\/www.clu3v.cz\/index.php\/wp-json\/wp\/v2\/users\/1"}],"replies":[{"embeddable":true,"href":"https:\/\/www.clu3v.cz\/index.php\/wp-json\/wp\/v2\/comments?post=1022"}],"version-history":[{"count":1,"href":"https:\/\/www.clu3v.cz\/index.php\/wp-json\/wp\/v2\/posts\/1022\/revisions"}],"predecessor-version":[{"id":1032,"href":"https:\/\/www.clu3v.cz\/index.php\/wp-json\/wp\/v2\/posts\/1022\/revisions\/1032"}],"wp:attachment":[{"href":"https:\/\/www.clu3v.cz\/index.php\/wp-json\/wp\/v2\/media?parent=1022"}],"wp:term":[{"taxonomy":"category","embeddable":true,"href":"https:\/\/www.clu3v.cz\/index.php\/wp-json\/wp\/v2\/categories?post=1022"},{"taxonomy":"post_tag","embeddable":true,"href":"https:\/\/www.clu3v.cz\/index.php\/wp-json\/wp\/v2\/tags?post=1022"}],"curies":[{"name":"wp","href":"https:\/\/api.w.org\/{rel}","templated":true}]}}